{"id":15837,"date":"2024-12-07T19:32:00","date_gmt":"2024-12-07T19:32:00","guid":{"rendered":"http:\/\/875jahrekirchgoens.de\/?p=15837"},"modified":"2024-12-17T19:33:16","modified_gmt":"2024-12-17T19:33:16","slug":"adventsradio-auf-sendung","status":"publish","type":"post","link":"http:\/\/875jahrekirchgoens.de\/?p=15837","title":{"rendered":"Adventsradio auf Sendung"},"content":{"rendered":"\n<p><em>Stimmungsvolle Adventszeit an der G\u00f6nser Grundschule<\/em><\/p>\n\n\n\n<p>Jeden Montag im Advent trifft sich die Schulgemeinde der GGS zum Adventssingen. Seit nun schon drei Jahren findet diese Veranstaltung auf dem wundersch\u00f6n gestalteten Schulhof statt, wo auch ein Weihnachtsbaum zu dieser Zeit aufgestellt wird. Alle Klassen singen gemeinsam immer verschiedene Weihnachts- und Adventslieder, die sie vorher im Musikunterricht einge\u00fcbt haben. Der Weihnachtsbaum ist stilvoll beleuchtet, im Atrium stehen noch vier dekorierte gro\u00dfe Gl\u00e4ser mit Kerzen, die passend zur Adventswoche entz\u00fcndet werden. Das berichtet die Schule. W\u00e4hrend der Adventswochen gibt es dann jeden Morgen ein selbst gestaltetes Adventsradio zu h\u00f6ren. Jede Klassenstufe pr\u00e4sentiert ein Programm, welches sie selbst zusammengestellt hat. Es werden Weihnachtslieder auf dem eigenen Instrument vorgespielt, selbst verfasste Gedichte vorgetragen, Geschichten vorgelesen, Interviews gef\u00fchrt und nat\u00fcrlich werden auch hier Weihnachtslieder von CD abgespielt. Jede Klasse ist eigenverantwortlich f\u00fcr ihr Programm zust\u00e4ndig und nimmt die Sache sehr ernst und es kommt immer ein abwechslungsreiches und oft auch sehr besinnliches Potpourri von Beitr\u00e4gen zusammen, die alle Sch\u00fcler \u00fcber die Sprechanlage der Schule anh\u00f6ren k\u00f6nnen. Die Sch\u00fcler lieben ihre Adventszeit in der G\u00f6nser-Grund-Schule und freuen sich jedes Jahr auf diese Veranstaltungen, mit Hilfe derer eine besinnliche Zeit in der Schule f\u00fcr und mit den Kindern gelebt wird.<\/p>\n\n\n\n<p>Quelle und Bild: Butzbacher Zeitung vom 7. Dezember 2024<\/p>\n\n\n\n<figure class=\"wp-block-image size-full\"><img loading=\"lazy\" decoding=\"async\" width=\"597\" height=\"183\" src=\"http:\/\/875jahrekirchgoens.de\/wp-content\/uploads\/2024\/12\/AdvRadio.png\" alt=\"\" class=\"wp-image-15838\" srcset=\"http:\/\/875jahrekirchgoens.de\/wp-content\/uploads\/2024\/12\/AdvRadio.png 597w, http:\/\/875jahrekirchgoens.de\/wp-content\/uploads\/2024\/12\/AdvRadio-300x92.png 300w\" sizes=\"auto, (max-width: 597px) 100vw, 597px\" \/><figcaption class=\"wp-element-caption\">Die Sch\u00fcler der G\u00f6nser-Grund-Schule sind bereit, den Geist der Weihnacht zu verbreiten.<\/figcaption><\/figure>\n","protected":false},"excerpt":{"rendered":"<p>Stimmungsvolle Adventszeit an der G\u00f6nser Grundschule Jeden Montag im Advent trifft sich die Schulgemeinde der GGS zum Adventssingen. Seit nun schon drei Jahren findet diese Veranstaltung auf dem wundersch\u00f6n gestalteten Schulhof statt, wo auch ein Weihnachtsbaum zu dieser Zeit aufgestellt wird. Alle Klassen singen gemeinsam immer verschiedene Weihnachts- und Adventslieder, die sie vorher im Musikunterricht &#8230; <a title=\"Adventsradio auf Sendung\" class=\"read-more\" href=\"http:\/\/875jahrekirchgoens.de\/?p=15837\" aria-label=\"Mehr Informationen \u00fcber Adventsradio auf Sendung\">Weiterlesen<\/a><\/p>\n","protected":false},"author":1,"featured_media":0,"comment_status":"closed","ping_status":"open","sticky":false,"template":"","format":"standard","meta":{"footnotes":""},"categories":[1],"tags":[],"class_list":["post-15837","post","type-post","status-publish","format-standard","hentry","category-infos"],"_links":{"self":[{"href":"http:\/\/875jahrekirchgoens.de\/index.php?rest_route=\/wp\/v2\/posts\/15837","targetHints":{"allow":["GET"]}}],"collection":[{"href":"http:\/\/875jahrekirchgoens.de\/index.php?rest_route=\/wp\/v2\/posts"}],"about":[{"href":"http:\/\/875jahrekirchgoens.de\/index.php?rest_route=\/wp\/v2\/types\/post"}],"author":[{"embeddable":true,"href":"http:\/\/875jahrekirchgoens.de\/index.php?rest_route=\/wp\/v2\/users\/1"}],"replies":[{"embeddable":true,"href":"http:\/\/875jahrekirchgoens.de\/index.php?rest_route=%2Fwp%2Fv2%2Fcomments&post=15837"}],"version-history":[{"count":1,"href":"http:\/\/875jahrekirchgoens.de\/index.php?rest_route=\/wp\/v2\/posts\/15837\/revisions"}],"predecessor-version":[{"id":15839,"href":"http:\/\/875jahrekirchgoens.de\/index.php?rest_route=\/wp\/v2\/posts\/15837\/revisions\/15839"}],"wp:attachment":[{"href":"http:\/\/875jahrekirchgoens.de\/index.php?rest_route=%2Fwp%2Fv2%2Fmedia&parent=15837"}],"wp:term":[{"taxonomy":"category","embeddable":true,"href":"http:\/\/875jahrekirchgoens.de\/index.php?rest_route=%2Fwp%2Fv2%2Fcategories&post=15837"},{"taxonomy":"post_tag","embeddable":true,"href":"http:\/\/875jahrekirchgoens.de\/index.php?rest_route=%2Fwp%2Fv2%2Ftags&post=15837"}],"curies":[{"name":"wp","href":"https:\/\/api.w.org\/{rel}","templated":true}]}}