{"id":15840,"date":"2024-12-11T19:33:45","date_gmt":"2024-12-11T19:33:45","guid":{"rendered":"http:\/\/875jahrekirchgoens.de\/?p=15840"},"modified":"2024-12-17T19:34:21","modified_gmt":"2024-12-17T19:34:21","slug":"kirch-goens-wandert-mit-jung-und-alt-ins-jubilaeumsjahr","status":"publish","type":"post","link":"http:\/\/875jahrekirchgoens.de\/?p=15840","title":{"rendered":"Kirch-G\u00f6ns wandert mit Jung und Alt ins Jubil\u00e4umsjahr"},"content":{"rendered":"\n<p><em>Grenzmarsch in der Gemarkung<\/em><\/p>\n\n\n\n<p>(Mz.) Am Samstag, 28. Dezember, wandert Kirch-G\u00f6ns in das Jubil\u00e4umsjahr zum 875j\u00e4hrigen Bestehen. Die Interessengemeinschaft der Kirch-G\u00f6nser Vereine und Gruppierungen l\u00e4dt recht herzlich zu einem \u201eGrenzmarsch\u201c mit anschlie\u00dfendem Abschluss in der Gastst\u00e4tte \u201eZum G\u00f6nser St\u00f6ffche\u201c bei Andr\u00e9 F. Cannon ein. Treffpunkt ist um 15.00 Uhr am Feuerwehrger\u00e4tehaus in Kirch-G\u00f6ns. Jeder kann teilnehmen, ob jung ob alt und ist herzlich willkommen. Selbstverst\u00e4ndlich freut man sich auch \u00fcber die Teilnahme von Ex-Kirch-G\u00f6nser\/innen. Die Wegstrecke, beginnend auf der Hauptstra\u00dfe f\u00fchrt \u00fcber den angrenzenden Feldweg (\u201eOchse Eugen\u201c), Eisenbahnbr\u00fccke, Gambacher Stra\u00dfe mit einer kurzen Rast an der Sch\u00fctzenhalle. Bei den Kirch-G\u00f6nser Sch\u00fctzen kann dann ein Gl\u00fchwein zum Aufw\u00e4rmen bzw. diverse andere Getr\u00e4nke und Schmalzbrot eingenommen werden. Gut ger\u00fcstet geht es dann auf die letzte Etappe durch die Bahnhofstra\u00dfe, Gartenstra\u00dfe zur Taubgasse. Anmeldungen bittet die IG bei Thorsten Metz, Bahnhofstra\u00dfe 65, 35510 Butzbach, mittels dem in dieser Woche im Ort verteilten Flyer vorzunehmen, damit evtl. Essensw\u00fcnsche (Rinds- oder Fleischwurst im Br\u00f6tchen) in der Strau\u00dfwirtschaft reserviert werden k\u00f6nnen. Die Interessengemeinschaft freut sich auf viele Teilnehmer und w\u00fcnscht bereits jetzt ein besinnliches Weihnachtsfest, guten Start und beste Gesundheit f\u00fcr 2025.<\/p>\n","protected":false},"excerpt":{"rendered":"<p>Grenzmarsch in der Gemarkung (Mz.) Am Samstag, 28. Dezember, wandert Kirch-G\u00f6ns in das Jubil\u00e4umsjahr zum 875j\u00e4hrigen Bestehen. Die Interessengemeinschaft der Kirch-G\u00f6nser Vereine und Gruppierungen l\u00e4dt recht herzlich zu einem \u201eGrenzmarsch\u201c mit anschlie\u00dfendem Abschluss in der Gastst\u00e4tte \u201eZum G\u00f6nser St\u00f6ffche\u201c bei Andr\u00e9 F. Cannon ein. Treffpunkt ist um 15.00 Uhr am Feuerwehrger\u00e4tehaus in Kirch-G\u00f6ns. Jeder kann &#8230; <a title=\"Kirch-G\u00f6ns wandert mit Jung und Alt ins Jubil\u00e4umsjahr\" class=\"read-more\" href=\"http:\/\/875jahrekirchgoens.de\/?p=15840\" aria-label=\"Mehr Informationen \u00fcber Kirch-G\u00f6ns wandert mit Jung und Alt ins Jubil\u00e4umsjahr\">Weiterlesen<\/a><\/p>\n","protected":false},"author":1,"featured_media":0,"comment_status":"closed","ping_status":"open","sticky":false,"template":"","format":"standard","meta":{"footnotes":""},"categories":[1],"tags":[],"class_list":["post-15840","post","type-post","status-publish","format-standard","hentry","category-infos"],"_links":{"self":[{"href":"http:\/\/875jahrekirchgoens.de\/index.php?rest_route=\/wp\/v2\/posts\/15840","targetHints":{"allow":["GET"]}}],"collection":[{"href":"http:\/\/875jahrekirchgoens.de\/index.php?rest_route=\/wp\/v2\/posts"}],"about":[{"href":"http:\/\/875jahrekirchgoens.de\/index.php?rest_route=\/wp\/v2\/types\/post"}],"author":[{"embeddable":true,"href":"http:\/\/875jahrekirchgoens.de\/index.php?rest_route=\/wp\/v2\/users\/1"}],"replies":[{"embeddable":true,"href":"http:\/\/875jahrekirchgoens.de\/index.php?rest_route=%2Fwp%2Fv2%2Fcomments&post=15840"}],"version-history":[{"count":1,"href":"http:\/\/875jahrekirchgoens.de\/index.php?rest_route=\/wp\/v2\/posts\/15840\/revisions"}],"predecessor-version":[{"id":15841,"href":"http:\/\/875jahrekirchgoens.de\/index.php?rest_route=\/wp\/v2\/posts\/15840\/revisions\/15841"}],"wp:attachment":[{"href":"http:\/\/875jahrekirchgoens.de\/index.php?rest_route=%2Fwp%2Fv2%2Fmedia&parent=15840"}],"wp:term":[{"taxonomy":"category","embeddable":true,"href":"http:\/\/875jahrekirchgoens.de\/index.php?rest_route=%2Fwp%2Fv2%2Fcategories&post=15840"},{"taxonomy":"post_tag","embeddable":true,"href":"http:\/\/875jahrekirchgoens.de\/index.php?rest_route=%2Fwp%2Fv2%2Ftags&post=15840"}],"curies":[{"name":"wp","href":"https:\/\/api.w.org\/{rel}","templated":true}]}}