{"id":15977,"date":"2024-12-14T13:34:36","date_gmt":"2024-12-14T13:34:36","guid":{"rendered":"http:\/\/875jahrekirchgoens.de\/?p=15977"},"modified":"2024-12-19T13:36:11","modified_gmt":"2024-12-19T13:36:11","slug":"gemeinsam-und-miteinander","status":"publish","type":"post","link":"http:\/\/875jahrekirchgoens.de\/?p=15977","title":{"rendered":"Gemeinsam und miteinander"},"content":{"rendered":"\n<p><em>Seniorenweihnachtsfeier in Kirch- und Pohl-G\u00f6ns trotz Kritik gut angenommen<\/em><\/p>\n\n\n\n<p>Erstmals wurde die Seniorenweihnachtsfeier der Stadt Butzbach f\u00fcr die beiden Stadtteile von den Ortsbeir\u00e4ten Kirch- und Pohl-G\u00f6ns mit tatkr\u00e4ftiger Unterst\u00fctzung von Magret M\u00fcller gemeinsam ausgerichtet. Ein Novum, das im Vorfeld durchaus auch f\u00fcr Kritik gesorgt hatte. In Zeiten deutlich r\u00fcckl\u00e4ufiger Teilnehmerzahlen, in denen sich \u201eBest-Ager\u201c noch lange nicht als \u201eSenioren\u201c f\u00fchlen, jedoch zugleich in so vielen Bereichen das Miteinander in den beiden G\u00f6ns-D\u00f6rfern gelebt wird, scheint eine gemeinsame Feier folgerichtig, so die Ortsbeir\u00e4te. Es sei wohl auch der einzige Weg zum Fortbestand eines solchen vorweihnachtlichen Festes. Das zumindest ist die Ansicht der Mitglieder, die sich am vergangenen Sonntag aktiv f\u00fcr die Umsetzung der Feier engagierten. Auch aus dem Kreis der Besucher erhielt das neue Format entsprechend positive Resonanz. So begr\u00fc\u00dften am zweiten Advent die Ortsvorstehen Klaus Christ (Pohl-G\u00f6ns) und Stefan Euler (Kirch-G\u00f6ns) G\u00e4ste aus den beiden D\u00f6rfern im Butzbacher Norden zu Kaffee und Kuchen im Pohl-G\u00f6nser B\u00fcrgertreff. Auch die in Pohl-G\u00f6ns wohnenden B\u00fcrgermeister Michael Merle und Erster Stadtrat Bernhard Dern waren in Begleitung ihrer Ehegattinnen gekommen. Und das nicht nur f\u00fcr eine Stippvisite. Sie blieben bis ganz zum Schluss. Zu Beginn heizte die gemeinsame Kindertanzgruppe der beiden Turnverein aus Kirch- und Pohl-G\u00f6ns dem Saal ein. Stimmungsvolle Weihnachtslieder zum Mitsingen boten anschlie\u00dfend die M\u00e4dchen der Fl\u00f6tenschule des Spielleute-Orchesters. Sie boten die Gelegenheit, dass viele G\u00e4ste freudig mit einstimmten. Den Abschluss im Programm machte als tanzende Nikol\u00e4use die Kleine Garde vom Fassenachtsverein. Als kleines Dankesch\u00f6n gab es Schoko-Nikol\u00e4use f\u00fcr alle mitwirkenden Kinder und Jugendlichen, die voller Begeisterung ihren Omas und Opas sowie den mitgebrachten Eltern und Geschwistern ihr K\u00f6nnen vorf\u00fchrten. Bei reichlich Wein und guten Gespr\u00e4chen klang die Veranstaltung abends fr\u00f6hlich aus, die \u00fcberdies v\u00f6llig unentgeltlich f\u00fcr alle G\u00e4ste war. Im Jahr 2025 soll die Weihnachtsfeier f\u00fcr alle jungen oder auch nicht mehr so ganz junggebliebenen Senioren aus Kirch- und Pohl-G\u00f6ns dann in Kirch-G\u00f6ns stattfinden. Vermutlich folgt dann ein allj\u00e4hrlicher Wechsel zwischen den beiden D\u00f6rfern, so wie es heute schon jeden Monat beim Miteinander-Mittagstisch gehalten wird, so die Ortsbeir\u00e4te.<\/p>\n\n\n\n<p>Quelle und Bilder: Butzbacher Zeitung vom 14. Dezember 2024<\/p>\n\n\n\n<figure class=\"wp-block-gallery has-nested-images columns-default is-cropped wp-block-gallery-1 is-layout-flex wp-block-gallery-is-layout-flex\">\n<figure class=\"wp-block-image size-large\"><img loading=\"lazy\" decoding=\"async\" width=\"284\" height=\"132\" data-id=\"15979\" src=\"http:\/\/875jahrekirchgoens.de\/wp-content\/uploads\/2024\/12\/gemeinsam1.png\" alt=\"\" class=\"wp-image-15979\"\/><figcaption class=\"wp-element-caption\">Unter den Besuchern der Seniorenweihnachtsfeier f\u00fcr Kirch- und Pohl-G\u00f6ns war auch B\u00fcrgermeister Michael Merle (3. v. r.)<\/figcaption><\/figure>\n\n\n\n<figure class=\"wp-block-image size-large\"><img loading=\"lazy\" decoding=\"async\" width=\"245\" height=\"240\" data-id=\"15978\" src=\"http:\/\/875jahrekirchgoens.de\/wp-content\/uploads\/2024\/12\/gemeinsam2.png\" alt=\"\" class=\"wp-image-15978\"\/><figcaption class=\"wp-element-caption\">Die T\u00e4nzer des Fassenachtsverein zeigen ihre Choreografie.<\/figcaption><\/figure>\n<\/figure>\n","protected":false},"excerpt":{"rendered":"<p>Seniorenweihnachtsfeier in Kirch- und Pohl-G\u00f6ns trotz Kritik gut angenommen Erstmals wurde die Seniorenweihnachtsfeier der Stadt Butzbach f\u00fcr die beiden Stadtteile von den Ortsbeir\u00e4ten Kirch- und Pohl-G\u00f6ns mit tatkr\u00e4ftiger Unterst\u00fctzung von Magret M\u00fcller gemeinsam ausgerichtet. Ein Novum, das im Vorfeld durchaus auch f\u00fcr Kritik gesorgt hatte. In Zeiten deutlich r\u00fcckl\u00e4ufiger Teilnehmerzahlen, in denen sich \u201eBest-Ager\u201c noch &#8230; <a title=\"Gemeinsam und miteinander\" class=\"read-more\" href=\"http:\/\/875jahrekirchgoens.de\/?p=15977\" aria-label=\"Mehr Informationen \u00fcber Gemeinsam und miteinander\">Weiterlesen<\/a><\/p>\n","protected":false},"author":1,"featured_media":0,"comment_status":"closed","ping_status":"open","sticky":false,"template":"","format":"standard","meta":{"footnotes":""},"categories":[1],"tags":[],"class_list":["post-15977","post","type-post","status-publish","format-standard","hentry","category-infos"],"_links":{"self":[{"href":"http:\/\/875jahrekirchgoens.de\/index.php?rest_route=\/wp\/v2\/posts\/15977","targetHints":{"allow":["GET"]}}],"collection":[{"href":"http:\/\/875jahrekirchgoens.de\/index.php?rest_route=\/wp\/v2\/posts"}],"about":[{"href":"http:\/\/875jahrekirchgoens.de\/index.php?rest_route=\/wp\/v2\/types\/post"}],"author":[{"embeddable":true,"href":"http:\/\/875jahrekirchgoens.de\/index.php?rest_route=\/wp\/v2\/users\/1"}],"replies":[{"embeddable":true,"href":"http:\/\/875jahrekirchgoens.de\/index.php?rest_route=%2Fwp%2Fv2%2Fcomments&post=15977"}],"version-history":[{"count":1,"href":"http:\/\/875jahrekirchgoens.de\/index.php?rest_route=\/wp\/v2\/posts\/15977\/revisions"}],"predecessor-version":[{"id":15980,"href":"http:\/\/875jahrekirchgoens.de\/index.php?rest_route=\/wp\/v2\/posts\/15977\/revisions\/15980"}],"wp:attachment":[{"href":"http:\/\/875jahrekirchgoens.de\/index.php?rest_route=%2Fwp%2Fv2%2Fmedia&parent=15977"}],"wp:term":[{"taxonomy":"category","embeddable":true,"href":"http:\/\/875jahrekirchgoens.de\/index.php?rest_route=%2Fwp%2Fv2%2Fcategories&post=15977"},{"taxonomy":"post_tag","embeddable":true,"href":"http:\/\/875jahrekirchgoens.de\/index.php?rest_route=%2Fwp%2Fv2%2Ftags&post=15977"}],"curies":[{"name":"wp","href":"https:\/\/api.w.org\/{rel}","templated":true}]}}