{"id":15982,"date":"2023-02-18T13:38:00","date_gmt":"2023-02-18T13:38:00","guid":{"rendered":"http:\/\/875jahrekirchgoens.de\/?p=15982"},"modified":"2024-12-19T13:39:33","modified_gmt":"2024-12-19T13:39:33","slug":"friedensgebet-fuer-die-ukraine","status":"publish","type":"post","link":"http:\/\/875jahrekirchgoens.de\/?p=15982","title":{"rendered":"Friedensgebet f\u00fcr die Ukraine"},"content":{"rendered":"\n<p>Die evangelische Kirchengemeinde Kirch-G\u00f6ns und Pohl-G\u00f6ns l\u00e4dt am Freitag, 24. Februar, um 19.00 Uhr nach Pohl-G\u00f6ns zum Friedensgebet f\u00fcr die \u201eUkraine\u201c ein. Musikalisch wird die Andacht vom Gospelchor \u201eLet it shine\u201c unter der Leitung von Theresa Heinz umrahmt.<\/p>\n\n\n\n<p>Quelle: Butzbacher Zeitung vom 18. Februar 2023<\/p>\n","protected":false},"excerpt":{"rendered":"<p>Die evangelische Kirchengemeinde Kirch-G\u00f6ns und Pohl-G\u00f6ns l\u00e4dt am Freitag, 24. Februar, um 19.00 Uhr nach Pohl-G\u00f6ns zum Friedensgebet f\u00fcr die \u201eUkraine\u201c ein. Musikalisch wird die Andacht vom Gospelchor \u201eLet it shine\u201c unter der Leitung von Theresa Heinz umrahmt. Quelle: Butzbacher Zeitung vom 18. Februar 2023<\/p>\n","protected":false},"author":1,"featured_media":0,"comment_status":"closed","ping_status":"open","sticky":false,"template":"","format":"standard","meta":{"footnotes":""},"categories":[1],"tags":[],"class_list":["post-15982","post","type-post","status-publish","format-standard","hentry","category-infos"],"_links":{"self":[{"href":"http:\/\/875jahrekirchgoens.de\/index.php?rest_route=\/wp\/v2\/posts\/15982","targetHints":{"allow":["GET"]}}],"collection":[{"href":"http:\/\/875jahrekirchgoens.de\/index.php?rest_route=\/wp\/v2\/posts"}],"about":[{"href":"http:\/\/875jahrekirchgoens.de\/index.php?rest_route=\/wp\/v2\/types\/post"}],"author":[{"embeddable":true,"href":"http:\/\/875jahrekirchgoens.de\/index.php?rest_route=\/wp\/v2\/users\/1"}],"replies":[{"embeddable":true,"href":"http:\/\/875jahrekirchgoens.de\/index.php?rest_route=%2Fwp%2Fv2%2Fcomments&post=15982"}],"version-history":[{"count":1,"href":"http:\/\/875jahrekirchgoens.de\/index.php?rest_route=\/wp\/v2\/posts\/15982\/revisions"}],"predecessor-version":[{"id":15983,"href":"http:\/\/875jahrekirchgoens.de\/index.php?rest_route=\/wp\/v2\/posts\/15982\/revisions\/15983"}],"wp:attachment":[{"href":"http:\/\/875jahrekirchgoens.de\/index.php?rest_route=%2Fwp%2Fv2%2Fmedia&parent=15982"}],"wp:term":[{"taxonomy":"category","embeddable":true,"href":"http:\/\/875jahrekirchgoens.de\/index.php?rest_route=%2Fwp%2Fv2%2Fcategories&post=15982"},{"taxonomy":"post_tag","embeddable":true,"href":"http:\/\/875jahrekirchgoens.de\/index.php?rest_route=%2Fwp%2Fv2%2Ftags&post=15982"}],"curies":[{"name":"wp","href":"https:\/\/api.w.org\/{rel}","templated":true}]}}