{"id":15987,"date":"2023-04-05T13:44:00","date_gmt":"2023-04-05T13:44:00","guid":{"rendered":"http:\/\/875jahrekirchgoens.de\/?p=15987"},"modified":"2024-12-19T13:45:44","modified_gmt":"2024-12-19T13:45:44","slug":"karsten-mueller-schuetze-des-jahres","status":"publish","type":"post","link":"http:\/\/875jahrekirchgoens.de\/?p=15987","title":{"rendered":"Karsten M\u00fcller Sch\u00fctze des Jahres"},"content":{"rendered":"\n<p><em>Kirch-G\u00f6nser Sch\u00fctzenverein ehrte zahlreiche langj\u00e4hrige Mitglieder<\/em><\/p>\n\n\n\n<p>Die Mitgliederversammlung des Sch\u00fctzenvereins Kirch-G\u00f6ns 1962 war so gut besucht wie seit langem nicht mehr. Der Vorsitzende Gunther M\u00fcller er\u00f6ffnete die Versammlung im Sch\u00fctzenhaus mit einer herzlichen Begr\u00fc\u00dfung der Ehrenmitglieder, der K\u00f6nigsfamilie sowie alle Mitglieder. Im Bericht des Vorsitzenden wurden die wesentlichen Aktivit\u00e4ten und Entwicklungen des Vereins in den letzten 12 Monaten zusammengefasst. Positiv sind der regelm\u00e4\u00dfige Trainingsbetrieb und die Teilnahme an den Rundenwettk\u00e4mpfen. Das K\u00f6nigsschie\u00dfen und das Jahresabschlussschie\u00dfen wurden von den Mitgliedern sehr gut angenommen. Auch der erste gemeinsame Kappenabend mit dem TV war sehr gut besucht und soll auch 2024 wieder stattfinden. Der Kassenbericht von Karsten M\u00fcller zeigt dank des F\u00f6rdervereins wieder ein ausgeglichenes Ergebnis. Der Ausblick f\u00fcr 2023 stellt den Verein jedoch vor gro\u00dfe Herausforderungen. Die hohe Inflation insbesondere die hohen Energiekosten f\u00fcr Strom und Gas belasten Vereine mit eigenem Vereinsheim \u00fcberdurchschnittlich. Diese Summe muss zus\u00e4tzlich erwirtschaftet werden. Viele Energieeinsparungsma\u00dfnahmen sind bereits umgesetzt. Eine moderate Erh\u00f6hung der Mitgliedsbeitr\u00e4ge nach neun Jahren ist ab 2024 unabdinglich und wurde von der Versammlung auch einstimmig beschlossen. In diesem Jahr standen turnusgem\u00e4\u00df alle Vorstands\u00e4mter des Sch\u00fctzenvereins und des F\u00f6rdervereins zur Wahl. Der neue Vorstand des Sch\u00fctzenvereins setzt sich wie folgt zusammen: In ihrem Amt best\u00e4tigt wurden Gunther M\u00fcller (Vorsitzender), Rolf Hillefeld (stellvertretender Vorsitzender), Christian M\u00fcll (Sch\u00fctzenmeister), Karsten M\u00fcller (erster Kassierer), Mirco Pierdomenico (zweiter Kassierer) und Michaela R\u00f6hrig-M\u00fcller (Jugendwartin). Einen Wechsel gab es beim Amt des Schriftf\u00fchrers. Iris Wolski wurde als Schriftf\u00fchrerin neu in den Vorstand gew\u00e4hlt. Auch der Vorstand des F\u00f6rdervereins wurde neu gew\u00e4hlt. Gunther M\u00fcller wurde als Vorsitzender und Karsten M\u00fcller als Kassierer wiedergew\u00e4hlt, neu im Vorstand ist Iris Wolski als Schriftf\u00fchrerin. Ein H\u00f6hepunkt der Versammlung war die Ehrung langj\u00e4hriger Vereinsmitglieder, die in den letzten zwei Jahren nicht vorgenommen werden, konnte. Basierend auf der neuen Ehrenordnung f\u00fcr langj\u00e4hrige Vereinszugeh\u00f6rigkeit wurde Mirco Pierdomenico die Ehrennadel des Sch\u00fctzenvereins in Silber f\u00fcr 20-j\u00e4hrige Vereinszugeh\u00f6rigkeit und Michael Tiedemann die Ehrennadel des Sch\u00fctzenvereins in Gold f\u00fcr 30-j\u00e4hrige Vereinszugeh\u00f6rigkeit \u00fcberreicht. Erstmals wurde die 40-, 50- und 60-j\u00e4hrige Vereinstreue gew\u00fcrdigt. Erg\u00e4nzend zur Urkunde wurde das neue Vereinsbierglas mit Emblem des Sch\u00fctzenvereins \u00fcberreicht. F\u00fcr 40-j\u00e4hrige Vereinstreuer wurden Ute Maiwald, Klaus-Dieter Herbel, Ingrid Herbel, Michael Tschentscher, Ute M\u00f6ckel und Oswald M\u00fcller geehrt. Klaus-Peter Maiwald wurde f\u00fcr 50j\u00e4hrige Vereinszugeh\u00f6rigkeit und Hagen Heinz f\u00fcr 60 Jahre ausgezeichnet. Karsten M\u00fcller wurde als Sch\u00fctze des Jahres ausgezeichnet mit einer Leistungssteigerung von +14 Ringen im Durchschnitt bei den Rundenwettk\u00e4mpfen zum Vorjahr. Gunther M\u00fcller dankte allen Aktiven, dass sie den Verein w\u00fcrdig vertreten haben, und dem Vorstand f\u00fcr die gute Zusammenarbeit und vielf\u00e4ltige Mitarbeit. Besonderen Dank galt Rolf Hillefeld f\u00fcr die Moderation des diesj\u00e4hrigen gemeinsam Kappenabends mit dem TV Vorw\u00e4rts. Am Ende wurden noch folgende Termine angek\u00fcndigt: K\u00f6nigschie\u00dfen: 7. Juli, Ortspokalschie\u00dfen: 21., 22. Und 24. September, Jahresabschlussschie\u00dfen: 28. Dezember. Der Abend klang in gem\u00fctlicher Runde aus.<\/p>\n\n\n\n<p>Quelle und Bild: Butzbacher Zeitung vom 5. April 2023<\/p>\n\n\n\n<figure class=\"wp-block-image size-full\"><img loading=\"lazy\" decoding=\"async\" width=\"363\" height=\"190\" src=\"http:\/\/875jahrekirchgoens.de\/wp-content\/uploads\/2024\/12\/Schuetzen.png\" alt=\"\" class=\"wp-image-15988\" srcset=\"http:\/\/875jahrekirchgoens.de\/wp-content\/uploads\/2024\/12\/Schuetzen.png 363w, http:\/\/875jahrekirchgoens.de\/wp-content\/uploads\/2024\/12\/Schuetzen-300x157.png 300w\" sizes=\"auto, (max-width: 363px) 100vw, 363px\" \/><figcaption class=\"wp-element-caption\">In der Mitgliederversammlung des Kirch-G\u00f6ns Sch\u00fctzenvereins wurden langj\u00e4hrige Mitglieder ausgezeichnet. Das Foto zeigt (v. l.) Mirco Pierdomenico, Michael Tschentscher, Klaus-Peter Maiwald, Ute Maiwald, Hagen Heinz, Ute M\u00f6ckel, Ingrid Herbel, Oswald M\u00fcller und Klaus-Dieter Herbel.<\/figcaption><\/figure>\n","protected":false},"excerpt":{"rendered":"<p>Kirch-G\u00f6nser Sch\u00fctzenverein ehrte zahlreiche langj\u00e4hrige Mitglieder Die Mitgliederversammlung des Sch\u00fctzenvereins Kirch-G\u00f6ns 1962 war so gut besucht wie seit langem nicht mehr. Der Vorsitzende Gunther M\u00fcller er\u00f6ffnete die Versammlung im Sch\u00fctzenhaus mit einer herzlichen Begr\u00fc\u00dfung der Ehrenmitglieder, der K\u00f6nigsfamilie sowie alle Mitglieder. Im Bericht des Vorsitzenden wurden die wesentlichen Aktivit\u00e4ten und Entwicklungen des Vereins in den &#8230; <a title=\"Karsten M\u00fcller Sch\u00fctze des Jahres\" class=\"read-more\" href=\"http:\/\/875jahrekirchgoens.de\/?p=15987\" aria-label=\"Mehr Informationen \u00fcber Karsten M\u00fcller Sch\u00fctze des Jahres\">Weiterlesen<\/a><\/p>\n","protected":false},"author":1,"featured_media":0,"comment_status":"closed","ping_status":"open","sticky":false,"template":"","format":"standard","meta":{"footnotes":""},"categories":[1],"tags":[],"class_list":["post-15987","post","type-post","status-publish","format-standard","hentry","category-infos"],"_links":{"self":[{"href":"http:\/\/875jahrekirchgoens.de\/index.php?rest_route=\/wp\/v2\/posts\/15987","targetHints":{"allow":["GET"]}}],"collection":[{"href":"http:\/\/875jahrekirchgoens.de\/index.php?rest_route=\/wp\/v2\/posts"}],"about":[{"href":"http:\/\/875jahrekirchgoens.de\/index.php?rest_route=\/wp\/v2\/types\/post"}],"author":[{"embeddable":true,"href":"http:\/\/875jahrekirchgoens.de\/index.php?rest_route=\/wp\/v2\/users\/1"}],"replies":[{"embeddable":true,"href":"http:\/\/875jahrekirchgoens.de\/index.php?rest_route=%2Fwp%2Fv2%2Fcomments&post=15987"}],"version-history":[{"count":1,"href":"http:\/\/875jahrekirchgoens.de\/index.php?rest_route=\/wp\/v2\/posts\/15987\/revisions"}],"predecessor-version":[{"id":15989,"href":"http:\/\/875jahrekirchgoens.de\/index.php?rest_route=\/wp\/v2\/posts\/15987\/revisions\/15989"}],"wp:attachment":[{"href":"http:\/\/875jahrekirchgoens.de\/index.php?rest_route=%2Fwp%2Fv2%2Fmedia&parent=15987"}],"wp:term":[{"taxonomy":"category","embeddable":true,"href":"http:\/\/875jahrekirchgoens.de\/index.php?rest_route=%2Fwp%2Fv2%2Fcategories&post=15987"},{"taxonomy":"post_tag","embeddable":true,"href":"http:\/\/875jahrekirchgoens.de\/index.php?rest_route=%2Fwp%2Fv2%2Ftags&post=15987"}],"curies":[{"name":"wp","href":"https:\/\/api.w.org\/{rel}","templated":true}]}}