{"id":15993,"date":"2023-07-01T13:48:00","date_gmt":"2023-07-01T13:48:00","guid":{"rendered":"http:\/\/875jahrekirchgoens.de\/?p=15993"},"modified":"2024-12-19T13:48:44","modified_gmt":"2024-12-19T13:48:44","slug":"volksliedersingen-bei-kaffee-und-kuchen","status":"publish","type":"post","link":"http:\/\/875jahrekirchgoens.de\/?p=15993","title":{"rendered":"Volksliedersingen bei Kaffee und Kuchen"},"content":{"rendered":"\n<p>Am Sonntag, 9. Juli, veranstaltet der Gesangverein 1862 Kirch-G\u00f6ns im Kirch-G\u00f6nser B\u00fcrgerhaus das n\u00e4chste Volksliedersingen ab 14.00 Uhr. Nach den ersten Veranstaltungen, die unter anderem mit Weihnachts- und Fr\u00fchlingsliedern eine gro\u00dfe positive Resonanz fanden, hat der Verein f\u00fcr dieses Mal Sommerlieder ausgesucht, die gemeinsam gesungen werden. Es ist wieder eine bunte Mischung bekannter Lieder vorbereitet, die alle zum Mitsingen einladen. Damit alle Strophen sicher mitgesungen werden k\u00f6nnen, stehen Liedtexte zur Verf\u00fcgung. Ein S\u00e4nger des Gospelchores \u201eLet it Shine\u201c wird die Lieder in bew\u00e4hrter Weise auf der Gitarre begleiten. Auch dieses Mal werden S\u00e4ngerinnen und S\u00e4nger des Gospelchores f\u00fcr die G\u00e4ste Kuchen backen, damit in gem\u00fctlicher Runde neben der Musik auch ein leckerer Nachmittag stattfinden kann. Die S\u00e4ngerinnen und S\u00e4nger laden die Bev\u00f6lkerung herzlich ein und freuen sich auf viele G\u00e4ste an diesem musikalischen Nachmittag. Wie immer geht die Einladung auch an Besucher, die nur zuh\u00f6ren und die Gemeinschaft genie\u00dfen m\u00f6chten.<\/p>\n\n\n\n<p>Quelle: Butzbacher Zeitung vom 1. Juli 2023<\/p>\n","protected":false},"excerpt":{"rendered":"<p>Am Sonntag, 9. Juli, veranstaltet der Gesangverein 1862 Kirch-G\u00f6ns im Kirch-G\u00f6nser B\u00fcrgerhaus das n\u00e4chste Volksliedersingen ab 14.00 Uhr. Nach den ersten Veranstaltungen, die unter anderem mit Weihnachts- und Fr\u00fchlingsliedern eine gro\u00dfe positive Resonanz fanden, hat der Verein f\u00fcr dieses Mal Sommerlieder ausgesucht, die gemeinsam gesungen werden. Es ist wieder eine bunte Mischung bekannter Lieder vorbereitet, &#8230; <a title=\"Volksliedersingen bei Kaffee und Kuchen\" class=\"read-more\" href=\"http:\/\/875jahrekirchgoens.de\/?p=15993\" aria-label=\"Mehr Informationen \u00fcber Volksliedersingen bei Kaffee und Kuchen\">Weiterlesen<\/a><\/p>\n","protected":false},"author":1,"featured_media":0,"comment_status":"closed","ping_status":"open","sticky":false,"template":"","format":"standard","meta":{"footnotes":""},"categories":[1],"tags":[],"class_list":["post-15993","post","type-post","status-publish","format-standard","hentry","category-infos"],"_links":{"self":[{"href":"http:\/\/875jahrekirchgoens.de\/index.php?rest_route=\/wp\/v2\/posts\/15993","targetHints":{"allow":["GET"]}}],"collection":[{"href":"http:\/\/875jahrekirchgoens.de\/index.php?rest_route=\/wp\/v2\/posts"}],"about":[{"href":"http:\/\/875jahrekirchgoens.de\/index.php?rest_route=\/wp\/v2\/types\/post"}],"author":[{"embeddable":true,"href":"http:\/\/875jahrekirchgoens.de\/index.php?rest_route=\/wp\/v2\/users\/1"}],"replies":[{"embeddable":true,"href":"http:\/\/875jahrekirchgoens.de\/index.php?rest_route=%2Fwp%2Fv2%2Fcomments&post=15993"}],"version-history":[{"count":1,"href":"http:\/\/875jahrekirchgoens.de\/index.php?rest_route=\/wp\/v2\/posts\/15993\/revisions"}],"predecessor-version":[{"id":15994,"href":"http:\/\/875jahrekirchgoens.de\/index.php?rest_route=\/wp\/v2\/posts\/15993\/revisions\/15994"}],"wp:attachment":[{"href":"http:\/\/875jahrekirchgoens.de\/index.php?rest_route=%2Fwp%2Fv2%2Fmedia&parent=15993"}],"wp:term":[{"taxonomy":"category","embeddable":true,"href":"http:\/\/875jahrekirchgoens.de\/index.php?rest_route=%2Fwp%2Fv2%2Fcategories&post=15993"},{"taxonomy":"post_tag","embeddable":true,"href":"http:\/\/875jahrekirchgoens.de\/index.php?rest_route=%2Fwp%2Fv2%2Ftags&post=15993"}],"curies":[{"name":"wp","href":"https:\/\/api.w.org\/{rel}","templated":true}]}}