{"id":15995,"date":"2023-07-10T13:49:45","date_gmt":"2023-07-10T13:49:45","guid":{"rendered":"http:\/\/875jahrekirchgoens.de\/?p=15995"},"modified":"2024-12-19T14:05:45","modified_gmt":"2024-12-19T14:05:45","slug":"michaela-roehrig-mueller-ist-die-neue-schuetzenkoenigin","status":"publish","type":"post","link":"http:\/\/875jahrekirchgoens.de\/?p=15995","title":{"rendered":"Michaela R\u00f6hrig-M\u00fcller ist die neue Sch\u00fctzenk\u00f6nigin"},"content":{"rendered":"\n<p>Das diesj\u00e4hrige K\u00f6nigsschie\u00dfen des Sch\u00fctzenvereins Kirch-G\u00f6ns 1962 begann mit einem leckeren Salzekuchen-Essen, das von Vereinsmitglied Rolf Hillefeld liebevoll zubereitet wurde. Nach erfolgter St\u00e4rkung startete das Schie\u00dfen auf die K\u00f6nigskrone des Adlers. Die extrem gute Trefferquote aller Teilnehmer f\u00fchrte dazu, dass die Troph\u00e4e bereits mit dem 85. Schuss abgegeben von Michaela R\u00f6hrig-M\u00fcller in der 50. Minute fiel. So schnell standen in der Vereinsgeschichte die W\u00fcrdentr\u00e4ger noch nie fest. Michaela R\u00f6hrig-M\u00fcller wurde Sch\u00fctzenk\u00f6nigin, gefolgt von Ute M\u00f6ckel (Hofdame). Sch\u00fctzenk\u00f6nig wurde Mirco Pierdomenico, gefolgt von Rolf Hillefeld (1. Ritter) und Christian M\u00fcll (2. Ritter). Spannend war auch die Entscheidung um den Rudi-Stecher-Pokal f\u00fcr den besten Schuss beim K\u00f6nigsschie\u00dfen. Diesen sicherte sich in diesem Jahr der Sch\u00fctzenk\u00f6nig Mirco Pierdomenico. Nach dem spannungsvollen Schie\u00dfen und der Proklamation der W\u00fcrdentr\u00e4ger klang der Abend mit einigen guten Getr\u00e4nken und bester Stimmung aus. Das \u201edreimalige Gut Schuss\u201c erklang bis tief in die Nacht.<\/p>\n\n\n\n<p>Quelle und Bild: Butzbacher Zeitung vom 10. Juli 2023<\/p>\n\n\n\n<figure class=\"wp-block-image size-full\"><img loading=\"lazy\" decoding=\"async\" width=\"577\" height=\"375\" src=\"http:\/\/875jahrekirchgoens.de\/wp-content\/uploads\/2024\/12\/Koenigsfamilie.png\" alt=\"\" class=\"wp-image-15996\" srcset=\"http:\/\/875jahrekirchgoens.de\/wp-content\/uploads\/2024\/12\/Koenigsfamilie.png 577w, http:\/\/875jahrekirchgoens.de\/wp-content\/uploads\/2024\/12\/Koenigsfamilie-300x195.png 300w\" sizes=\"auto, (max-width: 577px) 100vw, 577px\" \/><figcaption class=\"wp-element-caption\">Die K\u00f6nigsfamilie 2024 im Sch\u00fctzenverein (v. l.) 2. Ritter Christian M\u00fcll, Hofdame Ute M\u00f6ckel, Sch\u00fctzenk\u00f6nigin Michaela R\u00f6hrig-M\u00fcller, K\u00f6nig Mirco Pierdomenico und 1. Ritter Rolf Hillefeld.<\/figcaption><\/figure>\n","protected":false},"excerpt":{"rendered":"<p>Das diesj\u00e4hrige K\u00f6nigsschie\u00dfen des Sch\u00fctzenvereins Kirch-G\u00f6ns 1962 begann mit einem leckeren Salzekuchen-Essen, das von Vereinsmitglied Rolf Hillefeld liebevoll zubereitet wurde. Nach erfolgter St\u00e4rkung startete das Schie\u00dfen auf die K\u00f6nigskrone des Adlers. Die extrem gute Trefferquote aller Teilnehmer f\u00fchrte dazu, dass die Troph\u00e4e bereits mit dem 85. Schuss abgegeben von Michaela R\u00f6hrig-M\u00fcller in der 50. Minute &#8230; <a title=\"Michaela R\u00f6hrig-M\u00fcller ist die neue Sch\u00fctzenk\u00f6nigin\" class=\"read-more\" href=\"http:\/\/875jahrekirchgoens.de\/?p=15995\" aria-label=\"Mehr Informationen \u00fcber Michaela R\u00f6hrig-M\u00fcller ist die neue Sch\u00fctzenk\u00f6nigin\">Weiterlesen<\/a><\/p>\n","protected":false},"author":1,"featured_media":0,"comment_status":"closed","ping_status":"open","sticky":false,"template":"","format":"standard","meta":{"footnotes":""},"categories":[1],"tags":[],"class_list":["post-15995","post","type-post","status-publish","format-standard","hentry","category-infos"],"_links":{"self":[{"href":"http:\/\/875jahrekirchgoens.de\/index.php?rest_route=\/wp\/v2\/posts\/15995","targetHints":{"allow":["GET"]}}],"collection":[{"href":"http:\/\/875jahrekirchgoens.de\/index.php?rest_route=\/wp\/v2\/posts"}],"about":[{"href":"http:\/\/875jahrekirchgoens.de\/index.php?rest_route=\/wp\/v2\/types\/post"}],"author":[{"embeddable":true,"href":"http:\/\/875jahrekirchgoens.de\/index.php?rest_route=\/wp\/v2\/users\/1"}],"replies":[{"embeddable":true,"href":"http:\/\/875jahrekirchgoens.de\/index.php?rest_route=%2Fwp%2Fv2%2Fcomments&post=15995"}],"version-history":[{"count":1,"href":"http:\/\/875jahrekirchgoens.de\/index.php?rest_route=\/wp\/v2\/posts\/15995\/revisions"}],"predecessor-version":[{"id":15997,"href":"http:\/\/875jahrekirchgoens.de\/index.php?rest_route=\/wp\/v2\/posts\/15995\/revisions\/15997"}],"wp:attachment":[{"href":"http:\/\/875jahrekirchgoens.de\/index.php?rest_route=%2Fwp%2Fv2%2Fmedia&parent=15995"}],"wp:term":[{"taxonomy":"category","embeddable":true,"href":"http:\/\/875jahrekirchgoens.de\/index.php?rest_route=%2Fwp%2Fv2%2Fcategories&post=15995"},{"taxonomy":"post_tag","embeddable":true,"href":"http:\/\/875jahrekirchgoens.de\/index.php?rest_route=%2Fwp%2Fv2%2Ftags&post=15995"}],"curies":[{"name":"wp","href":"https:\/\/api.w.org\/{rel}","templated":true}]}}