{"id":16001,"date":"2023-10-31T14:07:48","date_gmt":"2023-10-31T14:07:48","guid":{"rendered":"http:\/\/875jahrekirchgoens.de\/?p=16001"},"modified":"2024-12-19T14:09:21","modified_gmt":"2024-12-19T14:09:21","slug":"let-it-shine-konzert-zum-zehnjaehrigen","status":"publish","type":"post","link":"http:\/\/875jahrekirchgoens.de\/?p=16001","title":{"rendered":"\u201eLet it Shine\u201c Konzert zum Zehnj\u00e4hrigen"},"content":{"rendered":"\n<p>Am Samstag, 4. November, 19.00 Uhr, feiert der Gospelchor \u201eLet it Shine\u201c des Gesangverein Kirch-G\u00f6ns das zehnj\u00e4hrige Jubil\u00e4um mit ihrer Chorleiterin Theresa Heinz. Im Sommer 2013 wurde sie engagiert und \u00fcbernahm die musikalische Leitung des Gesangvereins. Dieses Jubil\u00e4um ist Anlass f\u00fcr ein gro\u00dfes Konzert, das mit weiteren f\u00fcnf Ch\u00f6ren im Butzbacher B\u00fcrgerhaus gefeiert wird. Alle Ch\u00f6re stehen inzwischen unter der Leitung von Theresa Heinz. Bevor die letzten Proben in den einzelnen Ch\u00f6ren im Lauf der Woche erfolgen, wurden am vergangenen Sonntag die gemeinsamen Lieder mit allen Ch\u00f6ren in Steinfurth im Rosensaal geprobt. Mit \u00fcber 150 S\u00e4ngerinnen und S\u00e4ngern werden diese Lieder zu einem besonderen Klangerlebnis mit \u201eDolby-Surround\u201c Gef\u00fchl f\u00fchren. Restkarten sind noch im Vorverkauf bei der Buchhaltung Bindernagel und Steffi\u00b4s Bastelvielfalt (Kirch-G\u00f6ns) erh\u00e4ltlich, sowie \u2013 falls verf\u00fcgbar \u2013 an der Abendkasse.<\/p>\n\n\n\n<p>Quelle und Bild: Butzbacher Zeitung vom 31. Oktober 2023<\/p>\n\n\n\n<figure class=\"wp-block-image size-full\"><img loading=\"lazy\" decoding=\"async\" width=\"605\" height=\"217\" src=\"http:\/\/875jahrekirchgoens.de\/wp-content\/uploads\/2024\/12\/Zehnjaehriges.png\" alt=\"\" class=\"wp-image-16002\" srcset=\"http:\/\/875jahrekirchgoens.de\/wp-content\/uploads\/2024\/12\/Zehnjaehriges.png 605w, http:\/\/875jahrekirchgoens.de\/wp-content\/uploads\/2024\/12\/Zehnjaehriges-300x108.png 300w\" sizes=\"auto, (max-width: 605px) 100vw, 605px\" \/><\/figure>\n","protected":false},"excerpt":{"rendered":"<p>Am Samstag, 4. November, 19.00 Uhr, feiert der Gospelchor \u201eLet it Shine\u201c des Gesangverein Kirch-G\u00f6ns das zehnj\u00e4hrige Jubil\u00e4um mit ihrer Chorleiterin Theresa Heinz. Im Sommer 2013 wurde sie engagiert und \u00fcbernahm die musikalische Leitung des Gesangvereins. Dieses Jubil\u00e4um ist Anlass f\u00fcr ein gro\u00dfes Konzert, das mit weiteren f\u00fcnf Ch\u00f6ren im Butzbacher B\u00fcrgerhaus gefeiert wird. Alle &#8230; <a title=\"\u201eLet it Shine\u201c Konzert zum Zehnj\u00e4hrigen\" class=\"read-more\" href=\"http:\/\/875jahrekirchgoens.de\/?p=16001\" aria-label=\"Mehr Informationen \u00fcber \u201eLet it Shine\u201c Konzert zum Zehnj\u00e4hrigen\">Weiterlesen<\/a><\/p>\n","protected":false},"author":1,"featured_media":0,"comment_status":"closed","ping_status":"open","sticky":false,"template":"","format":"standard","meta":{"footnotes":""},"categories":[1],"tags":[],"class_list":["post-16001","post","type-post","status-publish","format-standard","hentry","category-infos"],"_links":{"self":[{"href":"http:\/\/875jahrekirchgoens.de\/index.php?rest_route=\/wp\/v2\/posts\/16001","targetHints":{"allow":["GET"]}}],"collection":[{"href":"http:\/\/875jahrekirchgoens.de\/index.php?rest_route=\/wp\/v2\/posts"}],"about":[{"href":"http:\/\/875jahrekirchgoens.de\/index.php?rest_route=\/wp\/v2\/types\/post"}],"author":[{"embeddable":true,"href":"http:\/\/875jahrekirchgoens.de\/index.php?rest_route=\/wp\/v2\/users\/1"}],"replies":[{"embeddable":true,"href":"http:\/\/875jahrekirchgoens.de\/index.php?rest_route=%2Fwp%2Fv2%2Fcomments&post=16001"}],"version-history":[{"count":1,"href":"http:\/\/875jahrekirchgoens.de\/index.php?rest_route=\/wp\/v2\/posts\/16001\/revisions"}],"predecessor-version":[{"id":16003,"href":"http:\/\/875jahrekirchgoens.de\/index.php?rest_route=\/wp\/v2\/posts\/16001\/revisions\/16003"}],"wp:attachment":[{"href":"http:\/\/875jahrekirchgoens.de\/index.php?rest_route=%2Fwp%2Fv2%2Fmedia&parent=16001"}],"wp:term":[{"taxonomy":"category","embeddable":true,"href":"http:\/\/875jahrekirchgoens.de\/index.php?rest_route=%2Fwp%2Fv2%2Fcategories&post=16001"},{"taxonomy":"post_tag","embeddable":true,"href":"http:\/\/875jahrekirchgoens.de\/index.php?rest_route=%2Fwp%2Fv2%2Ftags&post=16001"}],"curies":[{"name":"wp","href":"https:\/\/api.w.org\/{rel}","templated":true}]}}