{"id":16007,"date":"2023-12-11T14:12:52","date_gmt":"2023-12-11T14:12:52","guid":{"rendered":"http:\/\/875jahrekirchgoens.de\/?p=16007"},"modified":"2024-12-19T14:18:52","modified_gmt":"2024-12-19T14:18:52","slug":"weihnachtsliedersingen-mit-chor-let-it-shine-beim-adventskaffee","status":"publish","type":"post","link":"http:\/\/875jahrekirchgoens.de\/?p=16007","title":{"rendered":"Weihnachtsliedersingen mit Chor \u201eLet it shine\u201c beim Adventskaffee"},"content":{"rendered":"\n<p><em>Nach Corona-Pause vorweihnachtliche Veranstaltung in Kirch-G\u00f6ns nicht nur f\u00fcr Senioren<\/em><\/p>\n\n\n\n<p>Zur Begr\u00fc\u00dfung des Advents veranstaltet der Gesangverein von Kirch-G\u00f6ns mit S\u00e4ngern des Gospelchores \u201eLet it Shine\u201c und in Zusammenarbeit mit dem Ortsbeirat von Kirch-G\u00f6ns in diesem Jahre einen gemeinsamen Adventskaffee. Nachdem die Seniorenweihnachtsfeier in den Corona-Jahren nicht stattfinden konnte, ging man dieses Jahr andere Wege und lud alle B\u00fcrger in das B\u00fcrgerhaus zu einem gemeinsamen Nachmittag ein. Nicht nur f\u00fcr Senioren gedacht, waren alle angesprochen, die Lust haben gemeinsam Lieder zu singen oder auch nur zu h\u00f6ren und die einen gemeinsamen Nachmittag verbringen wollten. Eine bunte Mischung, die gut ankam. Nach der Begr\u00fc\u00dfung durch Monika Sperzel vom Ortsbeirat folge eine erste Runde Weihnachtslieder. Im Anschluss hielt Pfarrer Lieder eine Ansprache und im Verlauf des Nachmittags \u00fcberbrachte Erster Stadtrat Bernhard Dern die Gru\u00dfworte des Magistrats und der Gremien der Stadt Butzbach. Dazwischen wurden mit vorbereiteten Liedtexten und Gitarrenbegleitung insgesamt siebzehn Weihnachtslieder gesungen. Bei Kaffee und selbstgebackenem Kuchen der S\u00e4ngerinnen und S\u00e4nger verbrachten alle einen angenehmen und fr\u00f6hlichen Nachmittag. Dem Wunsch vieler Teilnehmer folgend, wird der Gesangverein auch im n\u00e4chsten Jahr wieder einige Veranstaltungen dieser Art im Laufe des Jahres anbieten.<\/p>\n\n\n\n<p>Quelle und Bild: Butzbacher Zeitung vom 11. Dezember 2023<\/p>\n\n\n\n<figure class=\"wp-block-image size-full\"><img loading=\"lazy\" decoding=\"async\" width=\"605\" height=\"263\" src=\"http:\/\/875jahrekirchgoens.de\/wp-content\/uploads\/2024\/12\/Adventssingen.png\" alt=\"\" class=\"wp-image-16008\" srcset=\"http:\/\/875jahrekirchgoens.de\/wp-content\/uploads\/2024\/12\/Adventssingen.png 605w, http:\/\/875jahrekirchgoens.de\/wp-content\/uploads\/2024\/12\/Adventssingen-300x130.png 300w\" sizes=\"auto, (max-width: 605px) 100vw, 605px\" \/><figcaption class=\"wp-element-caption\">Unter anderem trat in der \u201eetwas anderen Seniorenweihnachtsfeier\u201c mit Weihnachtsliedersingen des Gesangvereins 1862 Kirch-G\u00f6ns und des Ortsbeirats der Gospelchor \u201eLet it Shine\u201c auf.<\/figcaption><\/figure>\n","protected":false},"excerpt":{"rendered":"<p>Nach Corona-Pause vorweihnachtliche Veranstaltung in Kirch-G\u00f6ns nicht nur f\u00fcr Senioren Zur Begr\u00fc\u00dfung des Advents veranstaltet der Gesangverein von Kirch-G\u00f6ns mit S\u00e4ngern des Gospelchores \u201eLet it Shine\u201c und in Zusammenarbeit mit dem Ortsbeirat von Kirch-G\u00f6ns in diesem Jahre einen gemeinsamen Adventskaffee. Nachdem die Seniorenweihnachtsfeier in den Corona-Jahren nicht stattfinden konnte, ging man dieses Jahr andere Wege &#8230; <a title=\"Weihnachtsliedersingen mit Chor \u201eLet it shine\u201c beim Adventskaffee\" class=\"read-more\" href=\"http:\/\/875jahrekirchgoens.de\/?p=16007\" aria-label=\"Mehr Informationen \u00fcber Weihnachtsliedersingen mit Chor \u201eLet it shine\u201c beim Adventskaffee\">Weiterlesen<\/a><\/p>\n","protected":false},"author":1,"featured_media":0,"comment_status":"closed","ping_status":"open","sticky":false,"template":"","format":"standard","meta":{"footnotes":""},"categories":[1],"tags":[],"class_list":["post-16007","post","type-post","status-publish","format-standard","hentry","category-infos"],"_links":{"self":[{"href":"http:\/\/875jahrekirchgoens.de\/index.php?rest_route=\/wp\/v2\/posts\/16007","targetHints":{"allow":["GET"]}}],"collection":[{"href":"http:\/\/875jahrekirchgoens.de\/index.php?rest_route=\/wp\/v2\/posts"}],"about":[{"href":"http:\/\/875jahrekirchgoens.de\/index.php?rest_route=\/wp\/v2\/types\/post"}],"author":[{"embeddable":true,"href":"http:\/\/875jahrekirchgoens.de\/index.php?rest_route=\/wp\/v2\/users\/1"}],"replies":[{"embeddable":true,"href":"http:\/\/875jahrekirchgoens.de\/index.php?rest_route=%2Fwp%2Fv2%2Fcomments&post=16007"}],"version-history":[{"count":1,"href":"http:\/\/875jahrekirchgoens.de\/index.php?rest_route=\/wp\/v2\/posts\/16007\/revisions"}],"predecessor-version":[{"id":16009,"href":"http:\/\/875jahrekirchgoens.de\/index.php?rest_route=\/wp\/v2\/posts\/16007\/revisions\/16009"}],"wp:attachment":[{"href":"http:\/\/875jahrekirchgoens.de\/index.php?rest_route=%2Fwp%2Fv2%2Fmedia&parent=16007"}],"wp:term":[{"taxonomy":"category","embeddable":true,"href":"http:\/\/875jahrekirchgoens.de\/index.php?rest_route=%2Fwp%2Fv2%2Fcategories&post=16007"},{"taxonomy":"post_tag","embeddable":true,"href":"http:\/\/875jahrekirchgoens.de\/index.php?rest_route=%2Fwp%2Fv2%2Ftags&post=16007"}],"curies":[{"name":"wp","href":"https:\/\/api.w.org\/{rel}","templated":true}]}}