{"id":16014,"date":"2022-05-13T16:01:00","date_gmt":"2022-05-13T16:01:00","guid":{"rendered":"http:\/\/875jahrekirchgoens.de\/?p=16014"},"modified":"2024-12-19T16:02:41","modified_gmt":"2024-12-19T16:02:41","slug":"michaela-roehrig-mueller-wurde-als-schuetzin-des-jahres-ausgezeichnet","status":"publish","type":"post","link":"http:\/\/875jahrekirchgoens.de\/?p=16014","title":{"rendered":"Michaela R\u00f6hrig-M\u00fcller wurde als Sch\u00fctzin des Jahres ausgezeichnet"},"content":{"rendered":"\n<p><em>Mitgliederversammlung des Kirch-G\u00f6nser Sch\u00fctzenvereins war sehr gut besucht<\/em><\/p>\n\n\n\n<p>Die diesj\u00e4hrige Mitgliederversammlung des Sch\u00fctzenvereins Kirch-G\u00f6ns 1962 in der Sch\u00fctzenhalle war so gut besucht, wie seit langen nicht mehr. Der Vorsitzende Gunther M\u00fcller begr\u00fc\u00dfte die Ehrenmitglieder, die K\u00f6nigsfamilie sowie die Mitglieder und bedankte sich f\u00fcr das zahlreiche Erscheinen, was nach den Zeiten von Corona sehr wichtig f\u00fcr den Verein sei. Im Bericht des Vorsitzenden wurden die wesentlichen Aktivit\u00e4ten und Entwicklungen des Vereins in den letzten neun Monaten zusammengefasst, die auch nochmals durch eine erneute Schlie\u00dfung der Trainingsaktivit\u00e4ten Anfang dieses Jahres wegen Corona gepr\u00e4gt waren. Positiv bewertete M\u00fcller den regelm\u00e4\u00dfigen Trainingsbetrieb und die Teilnahme an den Rundenwettk\u00e4mpfen und Meisterschaften. Bei der Bezirksmeisterschaft landeten Michaela R\u00f6hrig-M\u00fcller in der Damenklasse III und Kurt Hartig in der Herrenklasse IV auf dem 1. Platz. Das K\u00f6nigsschie\u00dfen wurde unter den entsprechenden 2G-Regeln ausgerichtet, zwar mit einer geringen Teilnahme, jedoch mit einem sehr spannenden Schie\u00dfen. Der Kassenbericht von Karsten M\u00fcller zeigte dank des F\u00f6rdervereins wieder ein ausgeglichenes Ergebnis. Dies ist wichtig f\u00fcr die Unterhaltung der Sch\u00fctzenhalle. Der Sch\u00fctzenverein Kirch-G\u00f6ns muss die stetig steigenden hohen Ausgaben selbst bestreiten ohne Zusch\u00fcsse der Stadt, Wie hoch sich die Energiekosten im n\u00e4chsten Jahr auswirken, ist derzeit noch nicht abzusch\u00e4tzen. F\u00fcr dieses Jahr wurde keine Erh\u00f6hung des Mitgliederbeitrages beantragt. Im Rahmen der Ehrungen wurde Andr\u00e9 F. Cannon die Ehrennadel des Sch\u00fctzenvereins in Gold f\u00fcr 30-j\u00e4hrige Vereinszugeh\u00f6rigkeit verliehen. Michaela R\u00f6hrig-M\u00fcller wurde als Sch\u00fctzin des Jahres ausgezeichnet mit einer Leistungssteigerung von +23 Ringen im Durchschnitt bei den Rundenwettk\u00e4mpfen zum Vorjahr. Gunther M\u00fcller dankte alles Aktiven, dass sie den Verein w\u00fcrdig vertreten haben und dem Vorstand f\u00fcr die gute Zusammenarbeit. Am Ende wurde noch folgende Termine angek\u00fcndigt: K\u00f6nigsschie\u00dfen: 1. Juli, Ortspokalschie\u00dfen: 15., 16. Und 18. September, Jahresabschlussschie\u00dfen: 30. Dezember. Anschlie\u00dfend klang der Abend bei Grillw\u00fcrstchen und Kaltgetr\u00e4nken in gem\u00fctlicher Runde aus.<\/p>\n\n\n\n<p>Quelle und Bild: Butzbacher Zeitung vom 13. Mai 2022<\/p>\n\n\n\n<figure class=\"wp-block-image size-full\"><img loading=\"lazy\" decoding=\"async\" width=\"294\" height=\"198\" src=\"http:\/\/875jahrekirchgoens.de\/wp-content\/uploads\/2024\/12\/Schuetzin-des-jahres.png\" alt=\"\" class=\"wp-image-16015\"\/><figcaption class=\"wp-element-caption\">In der Mitgliederversammlung des Kirch-G\u00f6nser Sch\u00fctzenvereins zeichnete der 1. Vorsitzende Gunther M\u00fcller (v. l.) Michaela R\u00f6hrig-M\u00fcller als Sch\u00fctzin des Jahres und Andr\u00e9 F. Cannon f\u00fcr 30j\u00e4hrige Vereinszugeh\u00f6rigkeit aus.<\/figcaption><\/figure>\n","protected":false},"excerpt":{"rendered":"<p>Mitgliederversammlung des Kirch-G\u00f6nser Sch\u00fctzenvereins war sehr gut besucht Die diesj\u00e4hrige Mitgliederversammlung des Sch\u00fctzenvereins Kirch-G\u00f6ns 1962 in der Sch\u00fctzenhalle war so gut besucht, wie seit langen nicht mehr. Der Vorsitzende Gunther M\u00fcller begr\u00fc\u00dfte die Ehrenmitglieder, die K\u00f6nigsfamilie sowie die Mitglieder und bedankte sich f\u00fcr das zahlreiche Erscheinen, was nach den Zeiten von Corona sehr wichtig f\u00fcr &#8230; <a title=\"Michaela R\u00f6hrig-M\u00fcller wurde als Sch\u00fctzin des Jahres ausgezeichnet\" class=\"read-more\" href=\"http:\/\/875jahrekirchgoens.de\/?p=16014\" aria-label=\"Mehr Informationen \u00fcber Michaela R\u00f6hrig-M\u00fcller wurde als Sch\u00fctzin des Jahres ausgezeichnet\">Weiterlesen<\/a><\/p>\n","protected":false},"author":1,"featured_media":0,"comment_status":"closed","ping_status":"open","sticky":false,"template":"","format":"standard","meta":{"footnotes":""},"categories":[1],"tags":[],"class_list":["post-16014","post","type-post","status-publish","format-standard","hentry","category-infos"],"_links":{"self":[{"href":"http:\/\/875jahrekirchgoens.de\/index.php?rest_route=\/wp\/v2\/posts\/16014","targetHints":{"allow":["GET"]}}],"collection":[{"href":"http:\/\/875jahrekirchgoens.de\/index.php?rest_route=\/wp\/v2\/posts"}],"about":[{"href":"http:\/\/875jahrekirchgoens.de\/index.php?rest_route=\/wp\/v2\/types\/post"}],"author":[{"embeddable":true,"href":"http:\/\/875jahrekirchgoens.de\/index.php?rest_route=\/wp\/v2\/users\/1"}],"replies":[{"embeddable":true,"href":"http:\/\/875jahrekirchgoens.de\/index.php?rest_route=%2Fwp%2Fv2%2Fcomments&post=16014"}],"version-history":[{"count":1,"href":"http:\/\/875jahrekirchgoens.de\/index.php?rest_route=\/wp\/v2\/posts\/16014\/revisions"}],"predecessor-version":[{"id":16016,"href":"http:\/\/875jahrekirchgoens.de\/index.php?rest_route=\/wp\/v2\/posts\/16014\/revisions\/16016"}],"wp:attachment":[{"href":"http:\/\/875jahrekirchgoens.de\/index.php?rest_route=%2Fwp%2Fv2%2Fmedia&parent=16014"}],"wp:term":[{"taxonomy":"category","embeddable":true,"href":"http:\/\/875jahrekirchgoens.de\/index.php?rest_route=%2Fwp%2Fv2%2Fcategories&post=16014"},{"taxonomy":"post_tag","embeddable":true,"href":"http:\/\/875jahrekirchgoens.de\/index.php?rest_route=%2Fwp%2Fv2%2Ftags&post=16014"}],"curies":[{"name":"wp","href":"https:\/\/api.w.org\/{rel}","templated":true}]}}