{"id":16017,"date":"2022-05-28T16:03:00","date_gmt":"2022-05-28T16:03:00","guid":{"rendered":"http:\/\/875jahrekirchgoens.de\/?p=16017"},"modified":"2024-12-19T16:04:41","modified_gmt":"2024-12-19T16:04:41","slug":"weinfest-mit-let-it-shine-wir-brennen-fuers-singen","status":"publish","type":"post","link":"http:\/\/875jahrekirchgoens.de\/?p=16017","title":{"rendered":"Weinfest mit \u201eLet it shine\u201d \u201cWir Brennen f\u00fcr\u00b4s Singen\u201c"},"content":{"rendered":"\n<p><em>Kirch-G\u00f6nser Gospelchor feiert an Pfingstsonnte mit Kurz-Konzerten<\/em><\/p>\n\n\n\n<p>Der Gospelchor \u201eLet it Shine\u201d des Gesangvereins 1862 Kirch-G\u00f6ns feiert nach zweimaligem Verschieben in diesem Jahr sein zw\u00f6lfj\u00e4hriges Bestehen. Am Pfingstsonntag, 5. Juni, findet ein Weinfest rund um das B\u00fcrgerhaus und die Kirche von Kirch-G\u00f6ns statt. Damti wird auch das in diesem Jahr 160-j\u00e4hrige Bestehen des Gesangvereins gefeiert. Nach der Pandemie-Zeit, die der Chor mit Online-Meetings und vielen Proben unter freiem Himmel erfolgreich \u00fcberstand, freuten sich die S\u00e4nger auf das Fest und zahlreiche Besucher. Mit dem Weinfest begeht der Chor neue Wege. Man wird, unter der bew\u00e4hrten Leitung der Dirigentin Theresa Heinz, in mehreren Kurz-Konzerten, im Freien und in der Kirche, die zur\u00fcckliegenden Jahre Revue passieren lassen. Diese Kurz-Konzerte finden verteilt \u00fcber den Nachmittag und Abend statt, die Zeiten werden vor Ort rechtzeitig bekannt gegeben. Beginn ist um 14.00 Uhr mit Kaffee und selbstgebackenem Kuchen. Mit Weinen sowie anderen Getr\u00e4nken, verschiedenen K\u00e4se- und Wursttellern, passend zu Gesang und Geselligkeit, laden alle S\u00e4nger zum Verweilen und Feiern ein. Und mit dem selbstgew\u00e4hlten Motto \u201eWir brennen f\u00fcr\u00b4s Singen\u201c m\u00f6chte der Chor alle G\u00e4ste und Zuh\u00f6rer \u00fcberzeigen, dass auch eine Pandemie das Feuer nicht l\u00f6schen kann.<\/p>\n\n\n\n<p>Quelle und Bild: Butzbacher Zeitung vom 28. Mai 2022<\/p>\n\n\n\n<figure class=\"wp-block-image size-full\"><img loading=\"lazy\" decoding=\"async\" width=\"351\" height=\"277\" src=\"http:\/\/875jahrekirchgoens.de\/wp-content\/uploads\/2024\/12\/Brennensingen.png\" alt=\"\" class=\"wp-image-16018\" srcset=\"http:\/\/875jahrekirchgoens.de\/wp-content\/uploads\/2024\/12\/Brennensingen.png 351w, http:\/\/875jahrekirchgoens.de\/wp-content\/uploads\/2024\/12\/Brennensingen-300x237.png 300w\" sizes=\"auto, (max-width: 351px) 100vw, 351px\" \/><figcaption class=\"wp-element-caption\">Der Gospelchor \u201eLet it shine\u201d feiert sein zw\u00f6lfj\u00e4hriges Bestehen am Pfingstsonntag.<br>\u00a0<\/figcaption><\/figure>\n","protected":false},"excerpt":{"rendered":"<p>Kirch-G\u00f6nser Gospelchor feiert an Pfingstsonnte mit Kurz-Konzerten Der Gospelchor \u201eLet it Shine\u201d des Gesangvereins 1862 Kirch-G\u00f6ns feiert nach zweimaligem Verschieben in diesem Jahr sein zw\u00f6lfj\u00e4hriges Bestehen. Am Pfingstsonntag, 5. Juni, findet ein Weinfest rund um das B\u00fcrgerhaus und die Kirche von Kirch-G\u00f6ns statt. Damti wird auch das in diesem Jahr 160-j\u00e4hrige Bestehen des Gesangvereins gefeiert. &#8230; <a title=\"Weinfest mit \u201eLet it shine\u201d \u201cWir Brennen f\u00fcr\u00b4s Singen\u201c\" class=\"read-more\" href=\"http:\/\/875jahrekirchgoens.de\/?p=16017\" aria-label=\"Mehr Informationen \u00fcber Weinfest mit \u201eLet it shine\u201d \u201cWir Brennen f\u00fcr\u00b4s Singen\u201c\">Weiterlesen<\/a><\/p>\n","protected":false},"author":1,"featured_media":0,"comment_status":"closed","ping_status":"open","sticky":false,"template":"","format":"standard","meta":{"footnotes":""},"categories":[1],"tags":[],"class_list":["post-16017","post","type-post","status-publish","format-standard","hentry","category-infos"],"_links":{"self":[{"href":"http:\/\/875jahrekirchgoens.de\/index.php?rest_route=\/wp\/v2\/posts\/16017","targetHints":{"allow":["GET"]}}],"collection":[{"href":"http:\/\/875jahrekirchgoens.de\/index.php?rest_route=\/wp\/v2\/posts"}],"about":[{"href":"http:\/\/875jahrekirchgoens.de\/index.php?rest_route=\/wp\/v2\/types\/post"}],"author":[{"embeddable":true,"href":"http:\/\/875jahrekirchgoens.de\/index.php?rest_route=\/wp\/v2\/users\/1"}],"replies":[{"embeddable":true,"href":"http:\/\/875jahrekirchgoens.de\/index.php?rest_route=%2Fwp%2Fv2%2Fcomments&post=16017"}],"version-history":[{"count":1,"href":"http:\/\/875jahrekirchgoens.de\/index.php?rest_route=\/wp\/v2\/posts\/16017\/revisions"}],"predecessor-version":[{"id":16019,"href":"http:\/\/875jahrekirchgoens.de\/index.php?rest_route=\/wp\/v2\/posts\/16017\/revisions\/16019"}],"wp:attachment":[{"href":"http:\/\/875jahrekirchgoens.de\/index.php?rest_route=%2Fwp%2Fv2%2Fmedia&parent=16017"}],"wp:term":[{"taxonomy":"category","embeddable":true,"href":"http:\/\/875jahrekirchgoens.de\/index.php?rest_route=%2Fwp%2Fv2%2Fcategories&post=16017"},{"taxonomy":"post_tag","embeddable":true,"href":"http:\/\/875jahrekirchgoens.de\/index.php?rest_route=%2Fwp%2Fv2%2Ftags&post=16017"}],"curies":[{"name":"wp","href":"https:\/\/api.w.org\/{rel}","templated":true}]}}