{"id":16020,"date":"2022-06-07T16:06:00","date_gmt":"2022-06-07T16:06:00","guid":{"rendered":"http:\/\/875jahrekirchgoens.de\/?p=16020"},"modified":"2024-12-19T16:08:52","modified_gmt":"2024-12-19T16:08:52","slug":"viele-besucher-feierten-mit-dem-gospelchor-let-it-shine-jubilaeum","status":"publish","type":"post","link":"http:\/\/875jahrekirchgoens.de\/?p=16020","title":{"rendered":"Viele Besucher feierten mit dem Gospelchor \u201eLet it Shine\u201c Jubil\u00e4um"},"content":{"rendered":"\n<p>Eigentlich wollte der Gospelchor \u201eLet it Shine\u201c in Kirch-G\u00f6ns bereits im September 2020 sein 10-j\u00e4hriges Bestehen feiern. Wegen Corona musste dies aber zweimal verschoben werden. Nun war es in diesem Jahr am Pfingstsonntag endlich so weit. Jetzt ist der Gospelchor nat\u00fcrlich 12 Jahre alt. Daf\u00fcr gibt es doppelten Grund zum Feiern, denn der Gesangverein 1862 Kirch-G\u00f6ns ist 160 Jahre alt geworden. 2010 trat Patrick Stinka an den Gesangverein heran und fragte, ob die Mitglieder Lust h\u00e4tten, einen Gospelchor zu gr\u00fcnden. Was danach folgte ist Geschichte, denn inzwischen ist der Gospelchor \u201eLet it Shine\u201c in der ganzen Region gekannt. 2013 \u00fcbernahm Theresa Heinz die Chorleitung. Am Pfingstsonntag ab 14 Uhr kamen viele Besucher zum B\u00fcrgerhaus in Kirch-G\u00f6ns. Auf dem Platz davor hatten die Vereinsmitglieder Tische und B\u00e4nke bereitgestellt. Ein reichhaltiges Angebot von selbstgebackenen Kuchen lud zun\u00e4chst zum Kaffeetrinken ein. Gegen 14.30 Uhr nahm der Gospelchor Aufstellung und sang \u201eFreude sch\u00f6ner G\u00f6tterfunken\u201c. Danach begr\u00fc\u00dfte die 1. Vorsitzende Claudia Laiacker alle G\u00e4ste, gab einen \u00dcberblick \u00fcber das Programm und w\u00fcnschte angenehme Unterhaltung. Weiter ging es mit einigen englischsprachigen Gospels und einem Medley von Liedern aus der Anfangszeit des Chores. Dabei war auch \u201eHeaven is a wonderful place\u201c. Nach diesem ersten Gesangsblock fing es leider an zu regnen. Deshalb ging die Feier dann im B\u00fcrgerhaus weiter. Das tat der guten Stimmung aber keinen Abbruch. Der zweite Gesangsblock war poppig ausgerichtet. Flott ging es dabei weiter mit Interpretation von \u201eWe will rock you\u201c der britischen Kultband Queen. Und zum Ende des Blocks erklangen \u201eIm Park\u201c, \u201eInspired\u201c und \u201eI am his child\u201c. Eine Besonderheit stellte das Lied \u201eNessaja\u201c oder \u201eIch wollte nie erwachsen sein\u201c von Peter Maffay dar. Um 18 Uhr waren alle in die benachbarte Kirche eingeladen. Dort sang der Chor religi\u00f6se und spirituelle Gospels wie \u201eBless the Lord\u201c und \u201eI will follow him\u201c. Unterst\u00fctzung fanden die S\u00e4nger und S\u00e4ngerinnen bei dem neuen Pfarrer David Lieder. Nach einer Pause ging es wieder englischsprachig weiter u. a. mit \u201eRoyals\u201c, \u201eAmazing Grace\u201c und \u201eSay a little prayer\u201c. Zum Abschluss erklang das Lied \u201eLet it Shine\u201c, von dem der Chor-Name abgeleitet ist. In entspannter Atmosph\u00e4re klang die Jubil\u00e4umsfeier aus.<\/p>\n\n\n\n<p>Quelle und Bilder: Butzbacher Zeitung vom 7. Juni 2022<\/p>\n\n\n\n<figure class=\"wp-block-gallery has-nested-images columns-default is-cropped wp-block-gallery-1 is-layout-flex wp-block-gallery-is-layout-flex\">\n<figure class=\"wp-block-image size-large\"><img loading=\"lazy\" decoding=\"async\" width=\"302\" height=\"223\" data-id=\"16021\" src=\"http:\/\/875jahrekirchgoens.de\/wp-content\/uploads\/2024\/12\/10jahreletitshine.png\" alt=\"\" class=\"wp-image-16021\" srcset=\"http:\/\/875jahrekirchgoens.de\/wp-content\/uploads\/2024\/12\/10jahreletitshine.png 302w, http:\/\/875jahrekirchgoens.de\/wp-content\/uploads\/2024\/12\/10jahreletitshine-300x222.png 300w\" sizes=\"auto, (max-width: 302px) 100vw, 302px\" \/><figcaption class=\"wp-element-caption\">Vor einer gro\u00dfen Zuh\u00f6rerkulisse feierte der Gospelchor \u201eLet it Shine\u201c sein Jubil\u00e4um in Kirch-G\u00f6ns<\/figcaption><\/figure>\n\n\n\n<figure class=\"wp-block-image size-large\"><img loading=\"lazy\" decoding=\"async\" width=\"295\" height=\"223\" data-id=\"16022\" src=\"http:\/\/875jahrekirchgoens.de\/wp-content\/uploads\/2024\/12\/10jahreletitshine1.png\" alt=\"\" class=\"wp-image-16022\"\/><figcaption class=\"wp-element-caption\">Vor einer gro\u00dfen Zuh\u00f6rerkulisse feierte der Gospelchor \u201eLet it Shine\u201c sein Jubil\u00e4um in Kirch-G\u00f6ns<\/figcaption><\/figure>\n<\/figure>\n\n\n\n<p><\/p>\n","protected":false},"excerpt":{"rendered":"<p>Eigentlich wollte der Gospelchor \u201eLet it Shine\u201c in Kirch-G\u00f6ns bereits im September 2020 sein 10-j\u00e4hriges Bestehen feiern. Wegen Corona musste dies aber zweimal verschoben werden. Nun war es in diesem Jahr am Pfingstsonntag endlich so weit. Jetzt ist der Gospelchor nat\u00fcrlich 12 Jahre alt. Daf\u00fcr gibt es doppelten Grund zum Feiern, denn der Gesangverein 1862 &#8230; <a title=\"Viele Besucher feierten mit dem Gospelchor \u201eLet it Shine\u201c Jubil\u00e4um\" class=\"read-more\" href=\"http:\/\/875jahrekirchgoens.de\/?p=16020\" aria-label=\"Mehr Informationen \u00fcber Viele Besucher feierten mit dem Gospelchor \u201eLet it Shine\u201c Jubil\u00e4um\">Weiterlesen<\/a><\/p>\n","protected":false},"author":1,"featured_media":0,"comment_status":"closed","ping_status":"open","sticky":false,"template":"","format":"standard","meta":{"footnotes":""},"categories":[1],"tags":[],"class_list":["post-16020","post","type-post","status-publish","format-standard","hentry","category-infos"],"_links":{"self":[{"href":"http:\/\/875jahrekirchgoens.de\/index.php?rest_route=\/wp\/v2\/posts\/16020","targetHints":{"allow":["GET"]}}],"collection":[{"href":"http:\/\/875jahrekirchgoens.de\/index.php?rest_route=\/wp\/v2\/posts"}],"about":[{"href":"http:\/\/875jahrekirchgoens.de\/index.php?rest_route=\/wp\/v2\/types\/post"}],"author":[{"embeddable":true,"href":"http:\/\/875jahrekirchgoens.de\/index.php?rest_route=\/wp\/v2\/users\/1"}],"replies":[{"embeddable":true,"href":"http:\/\/875jahrekirchgoens.de\/index.php?rest_route=%2Fwp%2Fv2%2Fcomments&post=16020"}],"version-history":[{"count":1,"href":"http:\/\/875jahrekirchgoens.de\/index.php?rest_route=\/wp\/v2\/posts\/16020\/revisions"}],"predecessor-version":[{"id":16023,"href":"http:\/\/875jahrekirchgoens.de\/index.php?rest_route=\/wp\/v2\/posts\/16020\/revisions\/16023"}],"wp:attachment":[{"href":"http:\/\/875jahrekirchgoens.de\/index.php?rest_route=%2Fwp%2Fv2%2Fmedia&parent=16020"}],"wp:term":[{"taxonomy":"category","embeddable":true,"href":"http:\/\/875jahrekirchgoens.de\/index.php?rest_route=%2Fwp%2Fv2%2Fcategories&post=16020"},{"taxonomy":"post_tag","embeddable":true,"href":"http:\/\/875jahrekirchgoens.de\/index.php?rest_route=%2Fwp%2Fv2%2Ftags&post=16020"}],"curies":[{"name":"wp","href":"https:\/\/api.w.org\/{rel}","templated":true}]}}