{"id":16024,"date":"2022-06-08T16:09:00","date_gmt":"2022-06-08T16:09:00","guid":{"rendered":"http:\/\/875jahrekirchgoens.de\/?p=16024"},"modified":"2024-12-19T16:10:32","modified_gmt":"2024-12-19T16:10:32","slug":"ueber-viele-besucher-freute-sich-am-pfingstsonntag","status":"publish","type":"post","link":"http:\/\/875jahrekirchgoens.de\/?p=16024","title":{"rendered":"\u00dcber viele Besucher freute sich am Pfingstsonntag"},"content":{"rendered":"\n<p>\u2026 in Kirch-G\u00f6ns der Gospelchor anl\u00e4sslich eines Weinfestes, dass der Chro rund um das B\u00fcrgerhaus veranstaltete. Aus diesem Anlass war die Stra\u00dfe am Kornmarkt gesperrt, wo die edlen Tropfen ausgeschenkt wurden.<\/p>\n\n\n\n<p>Quelle und Bilder: Butzbacher Zeitung vom 8. Juni 2022<\/p>\n\n\n\n<figure class=\"wp-block-image size-full\"><img loading=\"lazy\" decoding=\"async\" width=\"925\" height=\"690\" src=\"http:\/\/875jahrekirchgoens.de\/wp-content\/uploads\/2024\/12\/Weinfest1.png\" alt=\"\" class=\"wp-image-16025\" srcset=\"http:\/\/875jahrekirchgoens.de\/wp-content\/uploads\/2024\/12\/Weinfest1.png 925w, http:\/\/875jahrekirchgoens.de\/wp-content\/uploads\/2024\/12\/Weinfest1-300x224.png 300w, http:\/\/875jahrekirchgoens.de\/wp-content\/uploads\/2024\/12\/Weinfest1-768x573.png 768w\" sizes=\"auto, (max-width: 925px) 100vw, 925px\" \/><\/figure>\n","protected":false},"excerpt":{"rendered":"<p>\u2026 in Kirch-G\u00f6ns der Gospelchor anl\u00e4sslich eines Weinfestes, dass der Chro rund um das B\u00fcrgerhaus veranstaltete. Aus diesem Anlass war die Stra\u00dfe am Kornmarkt gesperrt, wo die edlen Tropfen ausgeschenkt wurden. Quelle und Bilder: Butzbacher Zeitung vom 8. Juni 2022<\/p>\n","protected":false},"author":1,"featured_media":0,"comment_status":"closed","ping_status":"open","sticky":false,"template":"","format":"standard","meta":{"footnotes":""},"categories":[1],"tags":[],"class_list":["post-16024","post","type-post","status-publish","format-standard","hentry","category-infos"],"_links":{"self":[{"href":"http:\/\/875jahrekirchgoens.de\/index.php?rest_route=\/wp\/v2\/posts\/16024","targetHints":{"allow":["GET"]}}],"collection":[{"href":"http:\/\/875jahrekirchgoens.de\/index.php?rest_route=\/wp\/v2\/posts"}],"about":[{"href":"http:\/\/875jahrekirchgoens.de\/index.php?rest_route=\/wp\/v2\/types\/post"}],"author":[{"embeddable":true,"href":"http:\/\/875jahrekirchgoens.de\/index.php?rest_route=\/wp\/v2\/users\/1"}],"replies":[{"embeddable":true,"href":"http:\/\/875jahrekirchgoens.de\/index.php?rest_route=%2Fwp%2Fv2%2Fcomments&post=16024"}],"version-history":[{"count":1,"href":"http:\/\/875jahrekirchgoens.de\/index.php?rest_route=\/wp\/v2\/posts\/16024\/revisions"}],"predecessor-version":[{"id":16026,"href":"http:\/\/875jahrekirchgoens.de\/index.php?rest_route=\/wp\/v2\/posts\/16024\/revisions\/16026"}],"wp:attachment":[{"href":"http:\/\/875jahrekirchgoens.de\/index.php?rest_route=%2Fwp%2Fv2%2Fmedia&parent=16024"}],"wp:term":[{"taxonomy":"category","embeddable":true,"href":"http:\/\/875jahrekirchgoens.de\/index.php?rest_route=%2Fwp%2Fv2%2Fcategories&post=16024"},{"taxonomy":"post_tag","embeddable":true,"href":"http:\/\/875jahrekirchgoens.de\/index.php?rest_route=%2Fwp%2Fv2%2Ftags&post=16024"}],"curies":[{"name":"wp","href":"https:\/\/api.w.org\/{rel}","templated":true}]}}