{"id":16035,"date":"2024-12-25T13:37:02","date_gmt":"2024-12-25T13:37:02","guid":{"rendered":"http:\/\/875jahrekirchgoens.de\/?p=16035"},"modified":"2024-12-25T13:37:03","modified_gmt":"2024-12-25T13:37:03","slug":"eintrittskarten-zum-jubilaeumswochenende","status":"publish","type":"post","link":"http:\/\/875jahrekirchgoens.de\/?p=16035","title":{"rendered":"Eintrittskarten zum Jubil\u00e4umswochenende"},"content":{"rendered":"\n<p>(Mz). Die Interessengemeinschaft der Kirch-G\u00f6nser Vereine und Gruppen e. V. informiert dar\u00fcber, dass ab sofort die Eintrittskarten f\u00fcr das Jubil\u00e4umswochenende, anl\u00e4sslich der 875-Jahrfeier von Kirch-G\u00f6ns im Jahre 2025, vom 29. bis 31. August 2025, erh\u00e4ltlich sind. <\/p>\n\n\n\n<p>Wer noch kurz vor Weihnachten ein Geschenk ben\u00f6tigt, kann sich bereits jetzt Karten f\u00fcr die Events sichern. Am Freitag, 29. August 2025, startet das Festwochenende mit einer Mallorca-Discoparty. <\/p>\n\n\n\n<p>DJ Tommy Fieber aus dem Nordhessischen Borken wird hier m\u00e4chtig einheizen Der begeisterte Schlagermusiker, der schon eigene Songs produzierte, wird mit vielen Ballermann-Hits im Festzelt f\u00fcr Stimmung sorgen. <\/p>\n\n\n\n<p>Am Samstag, 30. August 2025, tritt zu einer 70er &amp; 80er-Party die Cover-Band ABBA 99 auf. Plateauschuhe, Schlaghosen und Glitzerlook \u2013 ein Ausdruck des ABBA-Jahrzehnts. Und ABBA 99 leben dieses einmalige Glam &amp; Glitter live auf der B\u00fchne. Dabei bedeutet live wirklich live! Handgemachte Musik \u2013 ohne zus\u00e4tzliche Einspielungen oder Chorsamples! <\/p>\n\n\n\n<p>Eine Besonderheit, die nur wenige ABBA Tribute Bands bieten und die f\u00fcr die sechs MusikerInnen von ABBA 99 zu einer Passion geworden ist. Mittanzen, Mitsingen und den Disco Spirit sp\u00fcren! <\/p>\n\n\n\n<p>Karten gibt es online bei as-tickets.de, bei Steffi\u00b4s Bastelvielfalt (Kirch-G\u00f6ns), Buchhandlung Bindernagel (Butzbach &amp; Friedberg), Modehaus Beppler (Langg\u00f6ns) und Haljarunae Edelsteine und Mineralien (Wetzlar). Der Eintrittspreis f\u00fcr die Mallorca-Party betr\u00e4gt Euro 10, (Abendkasse 12,-) und f\u00fcr ABBA 99 Euro 20,- (Abendkasse 25,-). <\/p>\n\n\n\n<p>Am Sonntag, 31. August 2025, l\u00e4dt die Kirch-G\u00f6nser Interessengemeinschaft zum gro\u00dfen Festumzug durch die Ortschaft ab 11.00 Uhr ein. Anschlie\u00dfend spielt die Partyband \u201eGaudi-Power\u201c zum Fr\u00fchschoppen im Festzelt auf.<\/p>\n","protected":false},"excerpt":{"rendered":"<p>(Mz). Die Interessengemeinschaft der Kirch-G\u00f6nser Vereine und Gruppen e. V. informiert dar\u00fcber, dass ab sofort die Eintrittskarten f\u00fcr das Jubil\u00e4umswochenende, anl\u00e4sslich der 875-Jahrfeier von Kirch-G\u00f6ns im Jahre 2025, vom 29. bis 31. August 2025, erh\u00e4ltlich sind. Wer noch kurz vor Weihnachten ein Geschenk ben\u00f6tigt, kann sich bereits jetzt Karten f\u00fcr die Events sichern. Am Freitag, &#8230; <a title=\"Eintrittskarten zum Jubil\u00e4umswochenende\" class=\"read-more\" href=\"http:\/\/875jahrekirchgoens.de\/?p=16035\" aria-label=\"Mehr Informationen \u00fcber Eintrittskarten zum Jubil\u00e4umswochenende\">Weiterlesen<\/a><\/p>\n","protected":false},"author":1,"featured_media":0,"comment_status":"closed","ping_status":"open","sticky":false,"template":"","format":"standard","meta":{"footnotes":""},"categories":[1],"tags":[],"class_list":["post-16035","post","type-post","status-publish","format-standard","hentry","category-infos"],"_links":{"self":[{"href":"http:\/\/875jahrekirchgoens.de\/index.php?rest_route=\/wp\/v2\/posts\/16035","targetHints":{"allow":["GET"]}}],"collection":[{"href":"http:\/\/875jahrekirchgoens.de\/index.php?rest_route=\/wp\/v2\/posts"}],"about":[{"href":"http:\/\/875jahrekirchgoens.de\/index.php?rest_route=\/wp\/v2\/types\/post"}],"author":[{"embeddable":true,"href":"http:\/\/875jahrekirchgoens.de\/index.php?rest_route=\/wp\/v2\/users\/1"}],"replies":[{"embeddable":true,"href":"http:\/\/875jahrekirchgoens.de\/index.php?rest_route=%2Fwp%2Fv2%2Fcomments&post=16035"}],"version-history":[{"count":1,"href":"http:\/\/875jahrekirchgoens.de\/index.php?rest_route=\/wp\/v2\/posts\/16035\/revisions"}],"predecessor-version":[{"id":16036,"href":"http:\/\/875jahrekirchgoens.de\/index.php?rest_route=\/wp\/v2\/posts\/16035\/revisions\/16036"}],"wp:attachment":[{"href":"http:\/\/875jahrekirchgoens.de\/index.php?rest_route=%2Fwp%2Fv2%2Fmedia&parent=16035"}],"wp:term":[{"taxonomy":"category","embeddable":true,"href":"http:\/\/875jahrekirchgoens.de\/index.php?rest_route=%2Fwp%2Fv2%2Fcategories&post=16035"},{"taxonomy":"post_tag","embeddable":true,"href":"http:\/\/875jahrekirchgoens.de\/index.php?rest_route=%2Fwp%2Fv2%2Ftags&post=16035"}],"curies":[{"name":"wp","href":"https:\/\/api.w.org\/{rel}","templated":true}]}}