{"id":16041,"date":"2024-12-19T13:41:08","date_gmt":"2024-12-19T13:41:08","guid":{"rendered":"http:\/\/875jahrekirchgoens.de\/?p=16041"},"modified":"2024-12-25T13:42:20","modified_gmt":"2024-12-25T13:42:20","slug":"ein-tag-mit-vollem-programm","status":"publish","type":"post","link":"http:\/\/875jahrekirchgoens.de\/?p=16041","title":{"rendered":"Ein Tag mit vollem Programm"},"content":{"rendered":"\n<p><em>Weihnachtsmarkt in Kirch-G\u00f6ns wieder mit umfangreichem Angebot<\/em><\/p>\n\n\n\n<p>Auch der 33. Kirch-G\u00f6nser Weihnachtsmarkt am dritten Advent war wieder das Ziel vieler G\u00e4ste aus nah und fern. Bei dem umfangreichen Programm dieses traditionellen Weihnachtsmarktes, rund um den weihnachtlich geschm\u00fcckten Platz vor und im B\u00fcrgerhaus, der Kirche und dem historischen Backhaus, mit seinem kulinarischen Angebot und Programm f\u00fcr Gro\u00df und Klein, blieben keine W\u00fcnsche offen. Bereits am fr\u00fchen Nachmittag war der Weihnachtsmarkt sehr gut besucht. Am sp\u00e4ten Nachmittag bis in den Abend herrschte Hochbetrieb und die Standbesetzungen hatten alle H\u00e4nde voll zu tun, um den Besucheransturm zu bew\u00e4ltigen. Besonders beeindruckend und sch\u00f6n war es dann nach Einbruch der D\u00e4mmerung. Unter dem Sternenhimmel mit 10 000 Lichtern lie\u00df es sich gem\u00fctlich feiern und auf die Festtage einstimmen. Mit dem Gottesdienst mit Pfarrer David Lieder vor der Kirche mit der musikalischen Begleitung von \u201eMichel &amp; Friends\u201c nahm der Tag seinen Anfang. Michael Thate, Frank Mader, Thomas M\u00fcller und Lukas Brandenburger mit Trompeten, Tenorhorn und Saxofon sorgten mit Weihnachtsliedern f\u00fcr eine gute Einstimmung. Dies Essens- und Getr\u00e4nkest\u00e4nde und Verkaufsbuden waren ge\u00f6ffnet, das Kinderkarussell drehte seine Runden kostenfrei f\u00fcr die Kinder. Auf dem Platz zwischen dem Backhaus, der Kirche und dem B\u00fcrgerhaus duftete es weihnachtlich, und alles war stimmungsvoll dekoriert. F\u00fcr die Kleinen gab es den ganzen Tag ein Programm, von dem nicht nur die Kinder, sondern auch die Eltern und Gro\u00dfeltern begeistert waren. Viel Andrang herrschte beim Kinderschminken und weihnachtlichen Fotografieren im B\u00fcrgerhaus; drau\u00dfen am Lagerfeuer gab es Stockbrot. Als der Nikolaus in die Kirche kam und Geschenke an die Kleinen verteilte, war die Freude gro\u00df. Die Kinder sangen gemeinsam mit dem Nikolaus Weihnachtslieder. Es waren so viele Kinder mit ihren Eltern und Gro\u00dfeltern gekommen, dass alle Pl\u00e4tze in der Kirche besetzt waren. Aber auch f\u00fcr die Erwachsenen gab es keine Langeweile. Ein Bummel durch die Budenstadt mit Kunsthandwerk hat sich f\u00fcr viele gelohnt. Da wurde noch das eine oder andere Weihnachtsgeschenk mitgenommen aus der Auswahl zwischen Holzdekoration, Schmuck und Weihnachtskarten. Neben der \u00fcppigen Auswahl an Kunsthandwerk, Honig- und Bienenwachsprodukten lie\u00dfen auch die kulinarischen Spezialit\u00e4ten nichts zu w\u00fcnschen \u00fcbrig. Flammlachs vom offenen Feuer mit Rosmarinkartoffeln, \u201eKirch-Gieser M\u00e4uslaibchen\u201c \u2013 ger\u00e4ucherte Bratwurst im Brotteig \u2013 marokkanische Leckereien, thail\u00e4ndisches Essen, aber auch die klassische Th\u00fcringer Grillwurst, auch als Currywurst mit Pommes, Cr\u00eapes und Focaccia sowie Past\u00e9is de Nata \u2013 portugiesische Puddingt\u00f6rtchen \u2013 standen auf der umfangreichen Speisekarte des Weihnachtsmarktes. Zus\u00e4tzlich gab es Waffeln und zur Kaffeezeit wie gewohnt das gro\u00dfe Kuchenbuffet des Kindergartens und K\u00fckennests Kirch-G\u00f6ns im B\u00fcrgerhaus. Ferner waren auch Gl\u00fchwein und sonstige Hei\u00dfgetr\u00e4nke wie Lumumba und andere Mixgetr\u00e4nke im Angebot. Aber auch Kaltgetr\u00e4nke und Schn\u00e4pse trugen im beheizten Zelt zur guten Laune bei. Ein besonderer H\u00f6hepunkt war das kleine Konzert in der evangelischen Kirche, zu dem der Gospelchor \u201eLet it shine\u201c eingeladen hatte. Mit Weihnachtsliedern und einer kleinen Auswahl aus dem Repertoire des Gospelchores bekam das Publikum einiges geboten. Die Zuh\u00f6rer waren vom abwechslungsreichen Konzert unter der Chorleitung Theresa Heinz begeistert und dankten dem Chor mit viel Applaus. Von den Besuchern gab es ein gro\u00dfes Lob f\u00fcr das Organisationsteam vom TV Vorw\u00e4rts Kirch-G\u00f6ns mit Andr\u00e9 F. Cannon, Judith D\u00f6ring, Sascha Klaus, Danny Lauer, Felix Maiwald, Alexandra Miebs, Michael Raschke, Patrick Roeske, Janek Weinmann, Michael Wellner und Mario Willhelm. Ihnen ist es gelungen, auch den 33. Weihnachtsmarkt zu einem besonderen Ereignis f\u00fcr die Einwohner von Kirch-G\u00f6ns und die ausw\u00e4rtigen Besucher zu machen. Seit 2010 organisiert das Team den Markt und der TV l\u00e4dt dazu ein. Es m\u00f6chte sich bei den vielen Besuchern und ausdr\u00fccklich bei den vielen Spendern f\u00fcr die Unterst\u00fctzung des Weihnachtsmarktes, ohne die die vielen Kinderaktivit\u00e4ten nicht m\u00f6glich w\u00e4ren, bedanken.<\/p>\n\n\n\n<p>Quelle und Bilder: Butzbacher Zeitung vom 19. Dezember 2024<\/p>\n\n\n\n<figure class=\"wp-block-image size-full\"><img loading=\"lazy\" decoding=\"async\" width=\"907\" height=\"808\" src=\"http:\/\/875jahrekirchgoens.de\/wp-content\/uploads\/2024\/12\/WeihMaKiGoe.png\" alt=\"\" class=\"wp-image-16042\" srcset=\"http:\/\/875jahrekirchgoens.de\/wp-content\/uploads\/2024\/12\/WeihMaKiGoe.png 907w, http:\/\/875jahrekirchgoens.de\/wp-content\/uploads\/2024\/12\/WeihMaKiGoe-300x267.png 300w, http:\/\/875jahrekirchgoens.de\/wp-content\/uploads\/2024\/12\/WeihMaKiGoe-768x684.png 768w\" sizes=\"auto, (max-width: 907px) 100vw, 907px\" \/><\/figure>\n","protected":false},"excerpt":{"rendered":"<p>Weihnachtsmarkt in Kirch-G\u00f6ns wieder mit umfangreichem Angebot Auch der 33. Kirch-G\u00f6nser Weihnachtsmarkt am dritten Advent war wieder das Ziel vieler G\u00e4ste aus nah und fern. Bei dem umfangreichen Programm dieses traditionellen Weihnachtsmarktes, rund um den weihnachtlich geschm\u00fcckten Platz vor und im B\u00fcrgerhaus, der Kirche und dem historischen Backhaus, mit seinem kulinarischen Angebot und Programm f\u00fcr &#8230; <a title=\"Ein Tag mit vollem Programm\" class=\"read-more\" href=\"http:\/\/875jahrekirchgoens.de\/?p=16041\" aria-label=\"Mehr Informationen \u00fcber Ein Tag mit vollem Programm\">Weiterlesen<\/a><\/p>\n","protected":false},"author":1,"featured_media":0,"comment_status":"closed","ping_status":"open","sticky":false,"template":"","format":"standard","meta":{"footnotes":""},"categories":[1],"tags":[],"class_list":["post-16041","post","type-post","status-publish","format-standard","hentry","category-infos"],"_links":{"self":[{"href":"http:\/\/875jahrekirchgoens.de\/index.php?rest_route=\/wp\/v2\/posts\/16041","targetHints":{"allow":["GET"]}}],"collection":[{"href":"http:\/\/875jahrekirchgoens.de\/index.php?rest_route=\/wp\/v2\/posts"}],"about":[{"href":"http:\/\/875jahrekirchgoens.de\/index.php?rest_route=\/wp\/v2\/types\/post"}],"author":[{"embeddable":true,"href":"http:\/\/875jahrekirchgoens.de\/index.php?rest_route=\/wp\/v2\/users\/1"}],"replies":[{"embeddable":true,"href":"http:\/\/875jahrekirchgoens.de\/index.php?rest_route=%2Fwp%2Fv2%2Fcomments&post=16041"}],"version-history":[{"count":1,"href":"http:\/\/875jahrekirchgoens.de\/index.php?rest_route=\/wp\/v2\/posts\/16041\/revisions"}],"predecessor-version":[{"id":16043,"href":"http:\/\/875jahrekirchgoens.de\/index.php?rest_route=\/wp\/v2\/posts\/16041\/revisions\/16043"}],"wp:attachment":[{"href":"http:\/\/875jahrekirchgoens.de\/index.php?rest_route=%2Fwp%2Fv2%2Fmedia&parent=16041"}],"wp:term":[{"taxonomy":"category","embeddable":true,"href":"http:\/\/875jahrekirchgoens.de\/index.php?rest_route=%2Fwp%2Fv2%2Fcategories&post=16041"},{"taxonomy":"post_tag","embeddable":true,"href":"http:\/\/875jahrekirchgoens.de\/index.php?rest_route=%2Fwp%2Fv2%2Ftags&post=16041"}],"curies":[{"name":"wp","href":"https:\/\/api.w.org\/{rel}","templated":true}]}}