{"id":16052,"date":"2022-07-12T13:55:00","date_gmt":"2022-07-12T13:55:00","guid":{"rendered":"http:\/\/875jahrekirchgoens.de\/?p=16052"},"modified":"2024-12-25T13:57:21","modified_gmt":"2024-12-25T13:57:21","slug":"christian-muell-wurde-erneut-schuetzenkoenig","status":"publish","type":"post","link":"http:\/\/875jahrekirchgoens.de\/?p=16052","title":{"rendered":"Christian M\u00fcll wurde erneut Sch\u00fctzenk\u00f6nig"},"content":{"rendered":"\n<p>Das diesj\u00e4hrige K\u00f6nigsschie\u00dfen des Sch\u00fctzenvereins Kirch-G\u00f6ns 1962 begann mit einem Grillabend mit leckeren Salaten und Dessert, die einige Vereinsmitglieder zubereitet hatten. Nach guter St\u00e4rkung startete das Schie\u00dfen auf die K\u00f6nigskrone des Adlers. Trotz guter Trefferquote hielt sich die Troph\u00e4e, bis Christian M\u00fcll mit dem 181. Schuss den entscheidenden Treffer erzielte und seine W\u00fcrde als alter und neuer Sch\u00fctzenk\u00f6nig verteidigte. Ute M\u00f6ckel (K\u00f6nigin) und Michaela R\u00f6hrig-M\u00fcller (Hofdame) holten sich den begehrten Titel bei den Damen. Vervollst\u00e4ndigt wurde der Adel durch Hagen Heinz (1. Ritter) und Rolf Hillefeld (2. Ritter). Spannend war auch die Entscheidung um den Rudi-Stecher-Pokal, f\u00fcr den besten Schuss beim K\u00f6nigsschie\u00dfen. Diesen sicherte sich in diesem Jahr die K\u00f6nigin Ute M\u00f6ckel. Nach dem spannungsvollen Schie\u00dfen und der Proklamation der W\u00fcrdentr\u00e4ger klang der Abend stimmungsvoll aus. Das \u201edreimalige Gut Schuss\u201c erklang bis in die Nacht.<\/p>\n\n\n\n<p>Quelle und Bild: Butzbacher Zeitung vom 12. Juli 2022<\/p>\n\n\n\n<p>Die K\u00f6nigsfamilie 2022 des Sch\u00fctzenvereins Kirch-G\u00f6ns (v. l.): 1. Ritter Hagen Heinz, Sch\u00fctzenk\u00f6nig Christian M\u00fcll, K\u00f6nigin Ute M\u00f6ckel, Hofdame Michaela R\u00f6hrig-M\u00fcller und 2. Ritter Rolf Hillefeld.<\/p>\n\n\n\n<figure class=\"wp-block-image size-full\"><img loading=\"lazy\" decoding=\"async\" width=\"368\" height=\"184\" src=\"http:\/\/875jahrekirchgoens.de\/wp-content\/uploads\/2024\/12\/Christian-muell.png\" alt=\"\" class=\"wp-image-16053\" srcset=\"http:\/\/875jahrekirchgoens.de\/wp-content\/uploads\/2024\/12\/Christian-muell.png 368w, http:\/\/875jahrekirchgoens.de\/wp-content\/uploads\/2024\/12\/Christian-muell-300x150.png 300w\" sizes=\"auto, (max-width: 368px) 100vw, 368px\" \/><\/figure>\n","protected":false},"excerpt":{"rendered":"<p>Das diesj\u00e4hrige K\u00f6nigsschie\u00dfen des Sch\u00fctzenvereins Kirch-G\u00f6ns 1962 begann mit einem Grillabend mit leckeren Salaten und Dessert, die einige Vereinsmitglieder zubereitet hatten. Nach guter St\u00e4rkung startete das Schie\u00dfen auf die K\u00f6nigskrone des Adlers. Trotz guter Trefferquote hielt sich die Troph\u00e4e, bis Christian M\u00fcll mit dem 181. Schuss den entscheidenden Treffer erzielte und seine W\u00fcrde als alter &#8230; <a title=\"Christian M\u00fcll wurde erneut Sch\u00fctzenk\u00f6nig\" class=\"read-more\" href=\"http:\/\/875jahrekirchgoens.de\/?p=16052\" aria-label=\"Mehr Informationen \u00fcber Christian M\u00fcll wurde erneut Sch\u00fctzenk\u00f6nig\">Weiterlesen<\/a><\/p>\n","protected":false},"author":1,"featured_media":0,"comment_status":"closed","ping_status":"open","sticky":false,"template":"","format":"standard","meta":{"footnotes":""},"categories":[1],"tags":[],"class_list":["post-16052","post","type-post","status-publish","format-standard","hentry","category-infos"],"_links":{"self":[{"href":"http:\/\/875jahrekirchgoens.de\/index.php?rest_route=\/wp\/v2\/posts\/16052","targetHints":{"allow":["GET"]}}],"collection":[{"href":"http:\/\/875jahrekirchgoens.de\/index.php?rest_route=\/wp\/v2\/posts"}],"about":[{"href":"http:\/\/875jahrekirchgoens.de\/index.php?rest_route=\/wp\/v2\/types\/post"}],"author":[{"embeddable":true,"href":"http:\/\/875jahrekirchgoens.de\/index.php?rest_route=\/wp\/v2\/users\/1"}],"replies":[{"embeddable":true,"href":"http:\/\/875jahrekirchgoens.de\/index.php?rest_route=%2Fwp%2Fv2%2Fcomments&post=16052"}],"version-history":[{"count":1,"href":"http:\/\/875jahrekirchgoens.de\/index.php?rest_route=\/wp\/v2\/posts\/16052\/revisions"}],"predecessor-version":[{"id":16054,"href":"http:\/\/875jahrekirchgoens.de\/index.php?rest_route=\/wp\/v2\/posts\/16052\/revisions\/16054"}],"wp:attachment":[{"href":"http:\/\/875jahrekirchgoens.de\/index.php?rest_route=%2Fwp%2Fv2%2Fmedia&parent=16052"}],"wp:term":[{"taxonomy":"category","embeddable":true,"href":"http:\/\/875jahrekirchgoens.de\/index.php?rest_route=%2Fwp%2Fv2%2Fcategories&post=16052"},{"taxonomy":"post_tag","embeddable":true,"href":"http:\/\/875jahrekirchgoens.de\/index.php?rest_route=%2Fwp%2Fv2%2Ftags&post=16052"}],"curies":[{"name":"wp","href":"https:\/\/api.w.org\/{rel}","templated":true}]}}