{"id":16057,"date":"2022-11-02T13:59:00","date_gmt":"2022-11-02T13:59:00","guid":{"rendered":"http:\/\/875jahrekirchgoens.de\/?p=16057"},"modified":"2024-12-25T14:00:41","modified_gmt":"2024-12-25T14:00:41","slug":"kirch-goenser-gospelchor-beim-musical-martin-luther-king","status":"publish","type":"post","link":"http:\/\/875jahrekirchgoens.de\/?p=16057","title":{"rendered":"Kirch-G\u00f6nser Gospelchor beim Musical \u201eMartin Luther King\u201c"},"content":{"rendered":"\n<p>Ein Teil der S\u00e4ngerinnen und S\u00e4nger des Gospelchores \u201eLet it Shine\u201c aus Kirch-G\u00f6ns machten am Wochenende eine ganz besondere Erfahrung. Sie waren Mitwirkende des Musicals \u201eMartin Luther King \u2013 ein Traum ver\u00e4ndert die Welt\u201c, das in Wetzlar in der Buderus-Arena aufgef\u00fchrt wurde. Das Chromusical ist ein Projekt der Stiftung Creative Kirche, bei dem neben Hauptdarstellern und Band vor allem der gro\u00dfe Chor mit \u00fcber 1000 S\u00e4ngerinnen und S\u00e4nger f\u00fcr die besonderen Momente sorgte. So war es auch f\u00fcr die Mitglieder von \u201eLet it Shine\u201c, die Corona bedingt \u00fcber 2,5 Jahre auf die Auff\u00fchrungen warten musste, ein gro\u00dfartiges Ereignis. Erz\u00e4hlt wird das Leben des Friedensnobelpreistr\u00e4gers Martin Luther King, sein gewaltfreier Widerstand f\u00fcr die B\u00fcrgerrechte der Schwarzen in den USA der 1950er und 60er Jahre, den er letztlich mit seinem Leben bezahlt. Zu Wort kommen immer wieder seine Weggef\u00e4hrten und Widersacher in bekannten und weniger bekannten Ereignissen seines Lebens. Die Lieder, komponiert von Hanjo G\u00e4berl und Christoph Terbuyken begleiten und bekr\u00e4ftigen diese Szenen. Musik, die Thematik, die auch heute \u00fcber 50 Jahre sp\u00e4ter noch immer aktuell ist, aufgreift und unter die Haut geht. F\u00fcr die Zuh\u00f6rer, aber besonders f\u00fcr die S\u00e4ngerinnen und S\u00e4nger war es ein beeindruckendes und bewegendes Ereignis, das sie so schnell nicht vergessen werden.<\/p>\n\n\n\n<p>Quelle und Bild: Butzbacher Zeitung vom 2. November 2022<br>\u00a0<\/p>\n\n\n\n<figure class=\"wp-block-image size-full\"><img loading=\"lazy\" decoding=\"async\" width=\"363\" height=\"259\" src=\"http:\/\/875jahrekirchgoens.de\/wp-content\/uploads\/2024\/12\/MartLutKin.png\" alt=\"\" class=\"wp-image-16058\" srcset=\"http:\/\/875jahrekirchgoens.de\/wp-content\/uploads\/2024\/12\/MartLutKin.png 363w, http:\/\/875jahrekirchgoens.de\/wp-content\/uploads\/2024\/12\/MartLutKin-300x214.png 300w\" sizes=\"auto, (max-width: 363px) 100vw, 363px\" \/><\/figure>\n","protected":false},"excerpt":{"rendered":"<p>Ein Teil der S\u00e4ngerinnen und S\u00e4nger des Gospelchores \u201eLet it Shine\u201c aus Kirch-G\u00f6ns machten am Wochenende eine ganz besondere Erfahrung. Sie waren Mitwirkende des Musicals \u201eMartin Luther King \u2013 ein Traum ver\u00e4ndert die Welt\u201c, das in Wetzlar in der Buderus-Arena aufgef\u00fchrt wurde. Das Chromusical ist ein Projekt der Stiftung Creative Kirche, bei dem neben Hauptdarstellern &#8230; <a title=\"Kirch-G\u00f6nser Gospelchor beim Musical \u201eMartin Luther King\u201c\" class=\"read-more\" href=\"http:\/\/875jahrekirchgoens.de\/?p=16057\" aria-label=\"Mehr Informationen \u00fcber Kirch-G\u00f6nser Gospelchor beim Musical \u201eMartin Luther King\u201c\">Weiterlesen<\/a><\/p>\n","protected":false},"author":1,"featured_media":0,"comment_status":"closed","ping_status":"open","sticky":false,"template":"","format":"standard","meta":{"footnotes":""},"categories":[1],"tags":[],"class_list":["post-16057","post","type-post","status-publish","format-standard","hentry","category-infos"],"_links":{"self":[{"href":"http:\/\/875jahrekirchgoens.de\/index.php?rest_route=\/wp\/v2\/posts\/16057","targetHints":{"allow":["GET"]}}],"collection":[{"href":"http:\/\/875jahrekirchgoens.de\/index.php?rest_route=\/wp\/v2\/posts"}],"about":[{"href":"http:\/\/875jahrekirchgoens.de\/index.php?rest_route=\/wp\/v2\/types\/post"}],"author":[{"embeddable":true,"href":"http:\/\/875jahrekirchgoens.de\/index.php?rest_route=\/wp\/v2\/users\/1"}],"replies":[{"embeddable":true,"href":"http:\/\/875jahrekirchgoens.de\/index.php?rest_route=%2Fwp%2Fv2%2Fcomments&post=16057"}],"version-history":[{"count":1,"href":"http:\/\/875jahrekirchgoens.de\/index.php?rest_route=\/wp\/v2\/posts\/16057\/revisions"}],"predecessor-version":[{"id":16059,"href":"http:\/\/875jahrekirchgoens.de\/index.php?rest_route=\/wp\/v2\/posts\/16057\/revisions\/16059"}],"wp:attachment":[{"href":"http:\/\/875jahrekirchgoens.de\/index.php?rest_route=%2Fwp%2Fv2%2Fmedia&parent=16057"}],"wp:term":[{"taxonomy":"category","embeddable":true,"href":"http:\/\/875jahrekirchgoens.de\/index.php?rest_route=%2Fwp%2Fv2%2Fcategories&post=16057"},{"taxonomy":"post_tag","embeddable":true,"href":"http:\/\/875jahrekirchgoens.de\/index.php?rest_route=%2Fwp%2Fv2%2Ftags&post=16057"}],"curies":[{"name":"wp","href":"https:\/\/api.w.org\/{rel}","templated":true}]}}