{"id":16060,"date":"2022-12-06T14:00:00","date_gmt":"2022-12-06T14:00:00","guid":{"rendered":"http:\/\/875jahrekirchgoens.de\/?p=16060"},"modified":"2024-12-25T14:17:26","modified_gmt":"2024-12-25T14:17:26","slug":"dass-das-weihnachtsliedersingen","status":"publish","type":"post","link":"http:\/\/875jahrekirchgoens.de\/?p=16060","title":{"rendered":"Dass das Weihnachtsliedersingen \u2026"},"content":{"rendered":"\n<p>Des Gesangvereins Kirch-G\u00f6ns bei der Bev\u00f6lkerung des Ortsteils beliebt ist, bewies die gro\u00dfe Besucherzahl am Sonntagnachmittag im evangelischen Gemeindehaus. Auch das leibliche Wohl kam nicht zu kurz, denn die S\u00e4ngerinnen hatten f\u00fcr die Kaffeetafel reichlich Kuchen gebacken.<\/p>\n\n\n\n<p>Quelle und Bilder: Butzbacher Zeitung vom 6. Dezember 2022<\/p>\n\n\n\n<figure class=\"wp-block-image size-full\"><img loading=\"lazy\" decoding=\"async\" width=\"894\" height=\"328\" src=\"http:\/\/875jahrekirchgoens.de\/wp-content\/uploads\/2024\/12\/Weihlisin.png\" alt=\"\" class=\"wp-image-16061\" srcset=\"http:\/\/875jahrekirchgoens.de\/wp-content\/uploads\/2024\/12\/Weihlisin.png 894w, http:\/\/875jahrekirchgoens.de\/wp-content\/uploads\/2024\/12\/Weihlisin-300x110.png 300w, http:\/\/875jahrekirchgoens.de\/wp-content\/uploads\/2024\/12\/Weihlisin-768x282.png 768w\" sizes=\"auto, (max-width: 894px) 100vw, 894px\" \/><\/figure>\n","protected":false},"excerpt":{"rendered":"<p>Des Gesangvereins Kirch-G\u00f6ns bei der Bev\u00f6lkerung des Ortsteils beliebt ist, bewies die gro\u00dfe Besucherzahl am Sonntagnachmittag im evangelischen Gemeindehaus. Auch das leibliche Wohl kam nicht zu kurz, denn die S\u00e4ngerinnen hatten f\u00fcr die Kaffeetafel reichlich Kuchen gebacken. Quelle und Bilder: Butzbacher Zeitung vom 6. Dezember 2022<\/p>\n","protected":false},"author":1,"featured_media":0,"comment_status":"closed","ping_status":"open","sticky":false,"template":"","format":"standard","meta":{"footnotes":""},"categories":[1],"tags":[],"class_list":["post-16060","post","type-post","status-publish","format-standard","hentry","category-infos"],"_links":{"self":[{"href":"http:\/\/875jahrekirchgoens.de\/index.php?rest_route=\/wp\/v2\/posts\/16060","targetHints":{"allow":["GET"]}}],"collection":[{"href":"http:\/\/875jahrekirchgoens.de\/index.php?rest_route=\/wp\/v2\/posts"}],"about":[{"href":"http:\/\/875jahrekirchgoens.de\/index.php?rest_route=\/wp\/v2\/types\/post"}],"author":[{"embeddable":true,"href":"http:\/\/875jahrekirchgoens.de\/index.php?rest_route=\/wp\/v2\/users\/1"}],"replies":[{"embeddable":true,"href":"http:\/\/875jahrekirchgoens.de\/index.php?rest_route=%2Fwp%2Fv2%2Fcomments&post=16060"}],"version-history":[{"count":1,"href":"http:\/\/875jahrekirchgoens.de\/index.php?rest_route=\/wp\/v2\/posts\/16060\/revisions"}],"predecessor-version":[{"id":16062,"href":"http:\/\/875jahrekirchgoens.de\/index.php?rest_route=\/wp\/v2\/posts\/16060\/revisions\/16062"}],"wp:attachment":[{"href":"http:\/\/875jahrekirchgoens.de\/index.php?rest_route=%2Fwp%2Fv2%2Fmedia&parent=16060"}],"wp:term":[{"taxonomy":"category","embeddable":true,"href":"http:\/\/875jahrekirchgoens.de\/index.php?rest_route=%2Fwp%2Fv2%2Fcategories&post=16060"},{"taxonomy":"post_tag","embeddable":true,"href":"http:\/\/875jahrekirchgoens.de\/index.php?rest_route=%2Fwp%2Fv2%2Ftags&post=16060"}],"curies":[{"name":"wp","href":"https:\/\/api.w.org\/{rel}","templated":true}]}}