{"id":16063,"date":"2022-12-13T14:07:00","date_gmt":"2022-12-13T14:07:00","guid":{"rendered":"http:\/\/875jahrekirchgoens.de\/?p=16063"},"modified":"2024-12-25T14:09:17","modified_gmt":"2024-12-25T14:09:17","slug":"auf-weihnachten-eingestimmt-unter-sternenhimmel-mit-10-000-lichtern","status":"publish","type":"post","link":"http:\/\/875jahrekirchgoens.de\/?p=16063","title":{"rendered":"Auf Weihnachten eingestimmt unter Sternenhimmel mit 10 000 Lichtern"},"content":{"rendered":"\n<p><em>31. Auflage des Kirch-G\u00f6nser Weihnachtsmarkts mit umfangreichen Kinderprogramm und Gospelchor<\/em><\/p>\n\n\n\n<p>Begeistert waren die Besucher des 31. Kirch-G\u00f6nser Weihnachtsmarktes am dritten Advent, insbesondere nach den beiden Jahren ohne diesen traditionellen Markt. Bei winterlichen Temperaturen kamen viele zu diesem traditionellen Weihnachtsmarkt rund um den weihnachtlich geschm\u00fcckten Platz vor und im B\u00fcrgerhaus, der Kirche und dem historischen Backhaus. Ein umgfangreiches Programm f\u00fcr Gro\u00df und Klein, keine W\u00fcnsche blieben offen. Besonders beeindruckend und sch\u00f6n war es dann nach Einbruch der D\u00e4mmerung. Unter dem Sternenhimmel mit 10 000 Lichtern lie\u00df es sich gem\u00fctlich feiern und auf die kommenden Festtage einstimmen. Auch diese Kirch-G\u00f6nser Weihnachtsmarkt war wieder ein Besuchermagnet. Nach dem Gottesdienst mit Pfarrer David Lieder nahm der Tag mit der musikalischen Er\u00f6ffnung mit \u201eMichel und Friends\u201c seinen offiziellen Anfang. Michael Thate, Frank Mader, Thomas M\u00fcller und Lukas Brandenburger mit Trompeten, Tenorhorn und Saxophon sorgten mit ihrem St\u00e4ndchen mit Weihnachtsliedern bereits zu Beginn f\u00fcr gute Laune. Die Essens- und Getr\u00e4nkest\u00e4nde und Verkaufsbuden waren ge\u00f6ffnet, das Kinderkarussell drehte seine Runden, kostenfrei f\u00fcr die Kinder. Auf dem Platz zwischen dem Backhaus, der Kirche und dem B\u00fcrgerhaus duftete es weihnachtlich und alles war stimmungsvoll dekoriert. F\u00fcr die Kleinen gab es ein Programm, von dem nicht nur die Kinder, sondern auch die Eltern und Gro\u00dfeltern begeistert waren. Viel Andrang herrschte beim Kinderschminken im B\u00fcrgerhaus. Am Lagerfeuer vor dem Backhaus gab es Stockbrot. Als der Nikolaus in die Kirche kam und seine Geschenke an die Kleinen verteilte, war die Freude gro\u00df. Die Kinder sangen gemeinsam mit dem Gospelchor und dem Nikolaus Weihnachtslieder. Es waren so viele Kinder gekommen, dass alle Pl\u00e4tze in der Kirche besetzt waren. Aber auch f\u00fcr die Erwachsenen gab es keine Langeweile. Ein gem\u00fctlicher Bummel durch die kleine Budenstadt mit Kunsthandwerk hat sich f\u00fcr viele gelohnt. Da wurde noch das eine oder andere Weihnachtsgeschenk mitgenommen. Die Auswahl zwischen Holzdekoration, Schmuck und Weihnachtskarten fiel nicht leicht, es war f\u00fcr jeden Geschmack etwas dabei. Neben der \u00fcppigen Auswahl an vielf\u00e4ltigem Kunsthandwerk, Honig- und Bienenwachsprodukten lie\u00dfen auch die kulinarischen Spezialit\u00e4ten nichts zu w\u00fcnschen \u00fcbrig. Flammlachs vom offenen Feuer mit Rosmarinkartoffeln, \u201eKirch-Gieser M\u00e4uslaibchen\u201c (ger\u00e4ucherte Bratwurst im Brotteig), marokanische Leckereien, aber auch Grillwurst, Currywurst mit Pommes sowie Kartoffelpuffer mit Apfelmus sowie Cr\u00e9pes und Facaccia waren im Angebot. Zus\u00e4tzlich gab es Waffeln und zur Kaffeezeit das gewohnt gro\u00dfe Kuchenbuffet im B\u00fcrgerhaus. Ferner waren auch Gl\u00fchwein und sonstige Hei\u00dfgetr\u00e4nke wie Lumumba und andere Mixgetr\u00e4nke im Angebot. Auch Kaltgetr\u00e4nke und Schn\u00e4pse trugen im beheizten Zelt zur guten Laune bei. Zu den H\u00f6hepunkten z\u00e4hlte auch das kleine Konzert in der evangelischen Kirche, zu dem der Gospelchor \u201eLet it shine\u201c eingeladen hatte. Mit Weihnachtsliedern und weihnachtlichen Gospelsongs bekam das Publikum einiges geboten. Die Zuh\u00f6rer waren vom schwungvollen Gesang unter der Chorleitung von Theresa Heinz begeistert und dankten dem Chor mit viel Applaus. Von den Besuchern gab es ein gro\u00dfes Lob f\u00fcr das Organisationsteam des TV Vorw\u00e4rts Kirch-G\u00f6ns mit Andr\u00e9 F. Cannon, Markus Haub, Danny Lauer, Christian Mack, Michael Raschke, Janek Weinmann, Michael Wellner und Mario Wilhelm, denen es gelungen ist, den 31. Kirch-G\u00f6nser Weihnachtsmarkt zu einem besonderen Ereignis f\u00fcr die Einwohner von Kirch-G\u00f6ns und die Besucher von ausw\u00e4rts zu machen. Seit 2010 organisiert das Team den Weihnachtsmarkt und der TV l\u00e4dt dazu ein. Sie bedanken sich bei den vielen Besuchern, aber auch bei den vielen Spendern f\u00fcr die Unterst\u00fctzung des Weihnachtsmarktes, ohne die die vielen Kinderaktivit\u00e4ten nicht m\u00f6glich w\u00e4ren.<\/p>\n\n\n\n<p>Quelle und Bilder: Butzbacher Zeitung vom 13. Dezember 2022<\/p>\n\n\n\n<p>\u201eMichel und Friends\u201c er\u00f6ffneten den Kirch-G\u00f6nser Weihnachtsmarkt. Michael Thate, Frank Mader, Thomas M\u00fcller und Lukas Brandenburger sorgten mit ihrem St\u00e4ndchen mit Weihnachtsliedern f\u00fcr gute Laune (o. l.). Im historischen Backhaus wurden die \u201eKirch-Gieser M\u00e4uslaibchen\u201c (ger\u00e4ucherte Bratwurst im Brotteig) gebacken. Viel zu tun hatten die Mitglieder des Heimat- und Backhausvereins (o. r.). F\u00fcr die j\u00fcngsten Besucher gab es ein umfangreiches Programm. Beliebt waren das Schminken im B\u00fcrgerhaus und das Stockbrot am Lagerfeuer (u. l.). Zu einem Konzert in der Kirche hatte das Gospelchor \u201eLet it shine\u201c unter der Leitung von Theresa Heinz eingeladen (u. r.).<\/p>\n\n\n\n<figure class=\"wp-block-image size-full\"><img loading=\"lazy\" decoding=\"async\" width=\"924\" height=\"604\" src=\"http:\/\/875jahrekirchgoens.de\/wp-content\/uploads\/2024\/12\/Einstimmung-wei.png\" alt=\"\" class=\"wp-image-16064\" srcset=\"http:\/\/875jahrekirchgoens.de\/wp-content\/uploads\/2024\/12\/Einstimmung-wei.png 924w, http:\/\/875jahrekirchgoens.de\/wp-content\/uploads\/2024\/12\/Einstimmung-wei-300x196.png 300w, http:\/\/875jahrekirchgoens.de\/wp-content\/uploads\/2024\/12\/Einstimmung-wei-768x502.png 768w\" sizes=\"auto, (max-width: 924px) 100vw, 924px\" \/><\/figure>\n","protected":false},"excerpt":{"rendered":"<p>31. Auflage des Kirch-G\u00f6nser Weihnachtsmarkts mit umfangreichen Kinderprogramm und Gospelchor Begeistert waren die Besucher des 31. Kirch-G\u00f6nser Weihnachtsmarktes am dritten Advent, insbesondere nach den beiden Jahren ohne diesen traditionellen Markt. Bei winterlichen Temperaturen kamen viele zu diesem traditionellen Weihnachtsmarkt rund um den weihnachtlich geschm\u00fcckten Platz vor und im B\u00fcrgerhaus, der Kirche und dem historischen Backhaus. &#8230; <a title=\"Auf Weihnachten eingestimmt unter Sternenhimmel mit 10 000 Lichtern\" class=\"read-more\" href=\"http:\/\/875jahrekirchgoens.de\/?p=16063\" aria-label=\"Mehr Informationen \u00fcber Auf Weihnachten eingestimmt unter Sternenhimmel mit 10 000 Lichtern\">Weiterlesen<\/a><\/p>\n","protected":false},"author":1,"featured_media":0,"comment_status":"closed","ping_status":"open","sticky":false,"template":"","format":"standard","meta":{"footnotes":""},"categories":[1],"tags":[],"class_list":["post-16063","post","type-post","status-publish","format-standard","hentry","category-infos"],"_links":{"self":[{"href":"http:\/\/875jahrekirchgoens.de\/index.php?rest_route=\/wp\/v2\/posts\/16063","targetHints":{"allow":["GET"]}}],"collection":[{"href":"http:\/\/875jahrekirchgoens.de\/index.php?rest_route=\/wp\/v2\/posts"}],"about":[{"href":"http:\/\/875jahrekirchgoens.de\/index.php?rest_route=\/wp\/v2\/types\/post"}],"author":[{"embeddable":true,"href":"http:\/\/875jahrekirchgoens.de\/index.php?rest_route=\/wp\/v2\/users\/1"}],"replies":[{"embeddable":true,"href":"http:\/\/875jahrekirchgoens.de\/index.php?rest_route=%2Fwp%2Fv2%2Fcomments&post=16063"}],"version-history":[{"count":1,"href":"http:\/\/875jahrekirchgoens.de\/index.php?rest_route=\/wp\/v2\/posts\/16063\/revisions"}],"predecessor-version":[{"id":16065,"href":"http:\/\/875jahrekirchgoens.de\/index.php?rest_route=\/wp\/v2\/posts\/16063\/revisions\/16065"}],"wp:attachment":[{"href":"http:\/\/875jahrekirchgoens.de\/index.php?rest_route=%2Fwp%2Fv2%2Fmedia&parent=16063"}],"wp:term":[{"taxonomy":"category","embeddable":true,"href":"http:\/\/875jahrekirchgoens.de\/index.php?rest_route=%2Fwp%2Fv2%2Fcategories&post=16063"},{"taxonomy":"post_tag","embeddable":true,"href":"http:\/\/875jahrekirchgoens.de\/index.php?rest_route=%2Fwp%2Fv2%2Ftags&post=16063"}],"curies":[{"name":"wp","href":"https:\/\/api.w.org\/{rel}","templated":true}]}}