{"id":16066,"date":"2022-12-13T14:10:00","date_gmt":"2022-12-13T14:10:00","guid":{"rendered":"http:\/\/875jahrekirchgoens.de\/?p=16066"},"modified":"2024-12-25T14:11:00","modified_gmt":"2024-12-25T14:11:00","slug":"bei-guter-gesundheit-feierte-gestern-peter-braasch","status":"publish","type":"post","link":"http:\/\/875jahrekirchgoens.de\/?p=16066","title":{"rendered":"Bei guter Gesundheit feierte gestern Peter Braasch \u2026"},"content":{"rendered":"\n<p>\u2026 in Kirch-G\u00f6ns, Pfeifergasse 13, im gro\u00dfen Familien- und Bekanntenkreis seinen 90. Geburtstag. Der Jubilar erblickte in M\u00fcchel bei Merseburg (Sachsen-Anhalt) das Licht der Welt und absolvierte in Bad K\u00f6stritz eine G\u00e4rtnerlehre. 1952 fl\u00fcchtete der Jubilar aus der DDR. Bevor Peter Braasch 1968 in die USA auswanderte, fand er f\u00fcr 2 \u00bd Jahre in der Schweiz im Kanton Z\u00fcrich Arbeit. Mit der Einberufung zum Milit\u00e4r in den USA erfolgte 1959 die Versetzung in die Ayers-Kaserne in Kirch-G\u00f6ns, wo der \u201eDeutsch-Amerikaner\u201c nicht nur seine Grundausbildung erhielt, sondern auch seine sp\u00e4tere Ehefrau Leni kennenlernte. Nach der Milit\u00e4rzeit von 1958 bis 1962 gr\u00fcndete Peter Braasch in Kirch-G\u00f6ns einen Garten- und Landschaftsbaubetrieb, der 1992 von seinen S\u00f6hnen \u00fcbernommen wurde. In der Kommunalpolitik und im Vereinsleben war der Jubilar stets aktiv: 18 Jahre Ortsvorsteher, 24 Jahre Vorsitzender des Gesangvereins, 30 Jahre Rechner der Viehkasse, lange Jahre im Vorstand der CDU und Mitglied im Pr\u00fcfungsausschuss der Landschaftsg\u00e4rtner und f\u00fcr den Gartenbau. Neben der Ehefrau Leni gratulierten gestern drei Kinder, und vier Enkelkinder. B\u00fcrgermeister Michael Merle \u00fcberbrachte die Gl\u00fcckw\u00fcnsche von Stadt, Kreis und Land. Auf dem Bild zeigt sich der Jubilar mit der Ehefrau Leni und den beiden Enkelt\u00f6chtern Julia und Janina.<\/p>\n\n\n\n<p>Quelle und Bild: Butzbacher Zeitung vom 13. Dezember 2022<\/p>\n\n\n\n<figure class=\"wp-block-image size-full\"><img loading=\"lazy\" decoding=\"async\" width=\"403\" height=\"298\" src=\"http:\/\/875jahrekirchgoens.de\/wp-content\/uploads\/2024\/12\/Braasch.png\" alt=\"\" class=\"wp-image-16067\" srcset=\"http:\/\/875jahrekirchgoens.de\/wp-content\/uploads\/2024\/12\/Braasch.png 403w, http:\/\/875jahrekirchgoens.de\/wp-content\/uploads\/2024\/12\/Braasch-300x222.png 300w\" sizes=\"auto, (max-width: 403px) 100vw, 403px\" \/><\/figure>\n","protected":false},"excerpt":{"rendered":"<p>\u2026 in Kirch-G\u00f6ns, Pfeifergasse 13, im gro\u00dfen Familien- und Bekanntenkreis seinen 90. Geburtstag. Der Jubilar erblickte in M\u00fcchel bei Merseburg (Sachsen-Anhalt) das Licht der Welt und absolvierte in Bad K\u00f6stritz eine G\u00e4rtnerlehre. 1952 fl\u00fcchtete der Jubilar aus der DDR. Bevor Peter Braasch 1968 in die USA auswanderte, fand er f\u00fcr 2 \u00bd Jahre in der &#8230; <a title=\"Bei guter Gesundheit feierte gestern Peter Braasch \u2026\" class=\"read-more\" href=\"http:\/\/875jahrekirchgoens.de\/?p=16066\" aria-label=\"Mehr Informationen \u00fcber Bei guter Gesundheit feierte gestern Peter Braasch \u2026\">Weiterlesen<\/a><\/p>\n","protected":false},"author":1,"featured_media":0,"comment_status":"closed","ping_status":"open","sticky":false,"template":"","format":"standard","meta":{"footnotes":""},"categories":[1],"tags":[],"class_list":["post-16066","post","type-post","status-publish","format-standard","hentry","category-infos"],"_links":{"self":[{"href":"http:\/\/875jahrekirchgoens.de\/index.php?rest_route=\/wp\/v2\/posts\/16066","targetHints":{"allow":["GET"]}}],"collection":[{"href":"http:\/\/875jahrekirchgoens.de\/index.php?rest_route=\/wp\/v2\/posts"}],"about":[{"href":"http:\/\/875jahrekirchgoens.de\/index.php?rest_route=\/wp\/v2\/types\/post"}],"author":[{"embeddable":true,"href":"http:\/\/875jahrekirchgoens.de\/index.php?rest_route=\/wp\/v2\/users\/1"}],"replies":[{"embeddable":true,"href":"http:\/\/875jahrekirchgoens.de\/index.php?rest_route=%2Fwp%2Fv2%2Fcomments&post=16066"}],"version-history":[{"count":1,"href":"http:\/\/875jahrekirchgoens.de\/index.php?rest_route=\/wp\/v2\/posts\/16066\/revisions"}],"predecessor-version":[{"id":16068,"href":"http:\/\/875jahrekirchgoens.de\/index.php?rest_route=\/wp\/v2\/posts\/16066\/revisions\/16068"}],"wp:attachment":[{"href":"http:\/\/875jahrekirchgoens.de\/index.php?rest_route=%2Fwp%2Fv2%2Fmedia&parent=16066"}],"wp:term":[{"taxonomy":"category","embeddable":true,"href":"http:\/\/875jahrekirchgoens.de\/index.php?rest_route=%2Fwp%2Fv2%2Fcategories&post=16066"},{"taxonomy":"post_tag","embeddable":true,"href":"http:\/\/875jahrekirchgoens.de\/index.php?rest_route=%2Fwp%2Fv2%2Ftags&post=16066"}],"curies":[{"name":"wp","href":"https:\/\/api.w.org\/{rel}","templated":true}]}}