{"id":16069,"date":"2022-12-14T14:11:00","date_gmt":"2022-12-14T14:11:00","guid":{"rendered":"http:\/\/875jahrekirchgoens.de\/?p=16069"},"modified":"2024-12-25T14:12:34","modified_gmt":"2024-12-25T14:12:34","slug":"staendchen-fuer-den-ehrenvorsitzenden","status":"publish","type":"post","link":"http:\/\/875jahrekirchgoens.de\/?p=16069","title":{"rendered":"St\u00e4ndchen f\u00fcr den Ehrenvorsitzenden"},"content":{"rendered":"\n<p>Zum 90. Geburtstag ihres Ehrenvorsitzenden Peter Braasch brachten ihm die S\u00e4ngerinnen und S\u00e4nger des Gesangvereins 1862 Kirch-G\u00f6ns und des Gospelchors \u201eLet it Shine\u201c am Montag ein St\u00e4ndchen. Peter Braasch war 24 Jahre Vorsitzender des Gesangvereins und hat damit den Verein nachhaltig gepr\u00e4gt. Er \u00fcbernahm das Amt 1985. W\u00e4hrend seiner Zeit wurden gro\u00dfe Feste gefeiert, wie das 125-j\u00e4hrige, das 130-j\u00e4hrige und das 140-j\u00e4hrige Jubil\u00e4um. Es gab Konzerte im Butzbacher B\u00fcrgerhaus mit befreundeten Ch\u00f6ren und der Kapelle der 3. US-Panzerdivision. In dieser Zeit pflegte der Chor auch eine enge Freundschaft mit dem Jodel-Doppelquartett Escher Wyss in der Schweiz mit gegenseitigen Besuchen. Auch wenn Braasch 2009 den Vorsitz abgab, so hat er doch anschlie\u00dfend weiter gern und begeistert gesungen und stand dem Verein immer mit Rat und Tat zur Seite. Mit einem Pr\u00e4sent in Erinnerung an den letzten Ausflug nach W\u00fcrzburg bedankte sich der Verein bei ihm und w\u00fcnschte ihm weiterhin alles Gute.<\/p>\n\n\n\n<p>Quelle und Bild: Butzbacher Zeitung vom 14. Dezember 2022<br>\u00a0<\/p>\n\n\n\n<figure class=\"wp-block-image size-full\"><img loading=\"lazy\" decoding=\"async\" width=\"463\" height=\"331\" src=\"http:\/\/875jahrekirchgoens.de\/wp-content\/uploads\/2024\/12\/StaendchenEVo.png\" alt=\"\" class=\"wp-image-16070\" srcset=\"http:\/\/875jahrekirchgoens.de\/wp-content\/uploads\/2024\/12\/StaendchenEVo.png 463w, http:\/\/875jahrekirchgoens.de\/wp-content\/uploads\/2024\/12\/StaendchenEVo-300x214.png 300w\" sizes=\"auto, (max-width: 463px) 100vw, 463px\" \/><\/figure>\n","protected":false},"excerpt":{"rendered":"<p>Zum 90. Geburtstag ihres Ehrenvorsitzenden Peter Braasch brachten ihm die S\u00e4ngerinnen und S\u00e4nger des Gesangvereins 1862 Kirch-G\u00f6ns und des Gospelchors \u201eLet it Shine\u201c am Montag ein St\u00e4ndchen. Peter Braasch war 24 Jahre Vorsitzender des Gesangvereins und hat damit den Verein nachhaltig gepr\u00e4gt. Er \u00fcbernahm das Amt 1985. W\u00e4hrend seiner Zeit wurden gro\u00dfe Feste gefeiert, wie &#8230; <a title=\"St\u00e4ndchen f\u00fcr den Ehrenvorsitzenden\" class=\"read-more\" href=\"http:\/\/875jahrekirchgoens.de\/?p=16069\" aria-label=\"Mehr Informationen \u00fcber St\u00e4ndchen f\u00fcr den Ehrenvorsitzenden\">Weiterlesen<\/a><\/p>\n","protected":false},"author":1,"featured_media":0,"comment_status":"closed","ping_status":"open","sticky":false,"template":"","format":"standard","meta":{"footnotes":""},"categories":[1],"tags":[],"class_list":["post-16069","post","type-post","status-publish","format-standard","hentry","category-infos"],"_links":{"self":[{"href":"http:\/\/875jahrekirchgoens.de\/index.php?rest_route=\/wp\/v2\/posts\/16069","targetHints":{"allow":["GET"]}}],"collection":[{"href":"http:\/\/875jahrekirchgoens.de\/index.php?rest_route=\/wp\/v2\/posts"}],"about":[{"href":"http:\/\/875jahrekirchgoens.de\/index.php?rest_route=\/wp\/v2\/types\/post"}],"author":[{"embeddable":true,"href":"http:\/\/875jahrekirchgoens.de\/index.php?rest_route=\/wp\/v2\/users\/1"}],"replies":[{"embeddable":true,"href":"http:\/\/875jahrekirchgoens.de\/index.php?rest_route=%2Fwp%2Fv2%2Fcomments&post=16069"}],"version-history":[{"count":1,"href":"http:\/\/875jahrekirchgoens.de\/index.php?rest_route=\/wp\/v2\/posts\/16069\/revisions"}],"predecessor-version":[{"id":16071,"href":"http:\/\/875jahrekirchgoens.de\/index.php?rest_route=\/wp\/v2\/posts\/16069\/revisions\/16071"}],"wp:attachment":[{"href":"http:\/\/875jahrekirchgoens.de\/index.php?rest_route=%2Fwp%2Fv2%2Fmedia&parent=16069"}],"wp:term":[{"taxonomy":"category","embeddable":true,"href":"http:\/\/875jahrekirchgoens.de\/index.php?rest_route=%2Fwp%2Fv2%2Fcategories&post=16069"},{"taxonomy":"post_tag","embeddable":true,"href":"http:\/\/875jahrekirchgoens.de\/index.php?rest_route=%2Fwp%2Fv2%2Ftags&post=16069"}],"curies":[{"name":"wp","href":"https:\/\/api.w.org\/{rel}","templated":true}]}}