{"id":16072,"date":"2022-12-21T14:12:00","date_gmt":"2022-12-21T14:12:00","guid":{"rendered":"http:\/\/875jahrekirchgoens.de\/?p=16072"},"modified":"2024-12-25T14:14:10","modified_gmt":"2024-12-25T14:14:10","slug":"zum-weihnachtsmarkt-in-kirch-goens","status":"publish","type":"post","link":"http:\/\/875jahrekirchgoens.de\/?p=16072","title":{"rendered":"Zum Weihnachtsmarkt in Kirch-G\u00f6ns \u2026"},"content":{"rendered":"\n<p>\u2026 sang der Gospelchor \u201eLet it Shine\u201d vom Gesangverein 1862 Kirch-G\u00f6ns in der weihnachtlich geschm\u00fcckten, voll besetzten Kirche. Das Publikum wurde von der Vereinsvorsitzenden Claudia Laiacker herzlich begr\u00fc\u00dft. Unter der Leitung von Theresa Heinz interpretierte der Chor traditionelle Weihnachtslieder auf neue und humorvolle Weise, l\u00e4dt die G\u00e4ste aber auch gern zum Mitsingen ein.<\/p>\n\n\n\n<p>Quelle und Bild: Butzbacher Zeitung vom 21. Dezember 2022<\/p>\n\n\n\n<p><\/p>\n\n\n\n<figure class=\"wp-block-image size-full\"><img loading=\"lazy\" decoding=\"async\" width=\"300\" height=\"275\" src=\"http:\/\/875jahrekirchgoens.de\/wp-content\/uploads\/2024\/12\/Chor-WeiMar.png\" alt=\"\" class=\"wp-image-16073\"\/><\/figure>\n","protected":false},"excerpt":{"rendered":"<p>\u2026 sang der Gospelchor \u201eLet it Shine\u201d vom Gesangverein 1862 Kirch-G\u00f6ns in der weihnachtlich geschm\u00fcckten, voll besetzten Kirche. Das Publikum wurde von der Vereinsvorsitzenden Claudia Laiacker herzlich begr\u00fc\u00dft. Unter der Leitung von Theresa Heinz interpretierte der Chor traditionelle Weihnachtslieder auf neue und humorvolle Weise, l\u00e4dt die G\u00e4ste aber auch gern zum Mitsingen ein. Quelle und &#8230; <a title=\"Zum Weihnachtsmarkt in Kirch-G\u00f6ns \u2026\" class=\"read-more\" href=\"http:\/\/875jahrekirchgoens.de\/?p=16072\" aria-label=\"Mehr Informationen \u00fcber Zum Weihnachtsmarkt in Kirch-G\u00f6ns \u2026\">Weiterlesen<\/a><\/p>\n","protected":false},"author":1,"featured_media":0,"comment_status":"closed","ping_status":"open","sticky":false,"template":"","format":"standard","meta":{"footnotes":""},"categories":[1],"tags":[],"class_list":["post-16072","post","type-post","status-publish","format-standard","hentry","category-infos"],"_links":{"self":[{"href":"http:\/\/875jahrekirchgoens.de\/index.php?rest_route=\/wp\/v2\/posts\/16072","targetHints":{"allow":["GET"]}}],"collection":[{"href":"http:\/\/875jahrekirchgoens.de\/index.php?rest_route=\/wp\/v2\/posts"}],"about":[{"href":"http:\/\/875jahrekirchgoens.de\/index.php?rest_route=\/wp\/v2\/types\/post"}],"author":[{"embeddable":true,"href":"http:\/\/875jahrekirchgoens.de\/index.php?rest_route=\/wp\/v2\/users\/1"}],"replies":[{"embeddable":true,"href":"http:\/\/875jahrekirchgoens.de\/index.php?rest_route=%2Fwp%2Fv2%2Fcomments&post=16072"}],"version-history":[{"count":1,"href":"http:\/\/875jahrekirchgoens.de\/index.php?rest_route=\/wp\/v2\/posts\/16072\/revisions"}],"predecessor-version":[{"id":16074,"href":"http:\/\/875jahrekirchgoens.de\/index.php?rest_route=\/wp\/v2\/posts\/16072\/revisions\/16074"}],"wp:attachment":[{"href":"http:\/\/875jahrekirchgoens.de\/index.php?rest_route=%2Fwp%2Fv2%2Fmedia&parent=16072"}],"wp:term":[{"taxonomy":"category","embeddable":true,"href":"http:\/\/875jahrekirchgoens.de\/index.php?rest_route=%2Fwp%2Fv2%2Fcategories&post=16072"},{"taxonomy":"post_tag","embeddable":true,"href":"http:\/\/875jahrekirchgoens.de\/index.php?rest_route=%2Fwp%2Fv2%2Ftags&post=16072"}],"curies":[{"name":"wp","href":"https:\/\/api.w.org\/{rel}","templated":true}]}}