{"id":16080,"date":"2021-05-27T15:00:00","date_gmt":"2021-05-27T15:00:00","guid":{"rendered":"http:\/\/875jahrekirchgoens.de\/?p=16080"},"modified":"2024-12-25T15:01:55","modified_gmt":"2024-12-25T15:01:55","slug":"versteckte-aufklaerungsflugzeuge-gebaeude-und-aussichtsturm","status":"publish","type":"post","link":"http:\/\/875jahrekirchgoens.de\/?p=16080","title":{"rendered":"Versteckte Aufkl\u00e4rungsflugzeuge, Geb\u00e4ude und Aussichtsturm"},"content":{"rendered":"\n<p><em>Heimatforscher Werner Reusch erg\u00e4nzt Arbeiten zum Flugplatz Kirch-G\u00f6ns mit Fotomaterial<\/em><\/p>\n\n\n\n<p>Drei B\u00fccher mit zusammen 1001 Seiten und 1419 Bildern hat der Heimatforsche Werner Reusch aus Ebersg\u00f6ns \u00fcber die Themen Flugplatz Kirch-G\u00f6ns, Ayers-Kaserne und Magna-Park geschrieben. Dabei lie\u00df er die Zeit zwischen den 30er Jahren des vergangenen Jahrhunderts und heute Revue passieren. Der Autor plant, den letzten Band in kleiner Auflage nachzudrucken. Dabei erg\u00e4nzt der Band 3 mit einigen neuen Fotos. \u201eMeine drei B\u00fccher haben keinen Anspruch auf Vollst\u00e4ndigkeit. Erst beim Lesen wird uns manches wieder einfallen und l\u00e4ngst vergessene Bilder werden zum Vorschein kommen, die in einem K\u00e4stchen geschlummert haben\u201c, wei\u00df Reusch. \u201eIm Dezember 2020 entdeckte Horst Jeckel aus Rabenau mehrere bisher nicht bekannte Fotos vom Flugplatz Kirch-G\u00f6ns, auf denen Flugzeuge, Geb\u00e4ude und der Aussichtsturm zu sehen sind\u201c, berichtet er. Nach Sichtung der Aufnahmen hat sich Reusch entschlossen, diese Bilder als Erg\u00e4nzung zum Thema Flugplatz Kirch-G\u00f6ns zu ver\u00f6ffentlichen, weil sie sonst wom\u00f6glich f\u00fcr immer verloren w\u00e4ren. \u201eF\u00fcr mich sind das ganz besondere Aufnahmen und weitere kleine Mosaiksteine zum Thema Flugplatz Kirch-G\u00f6ns\u201c betonte er. Sie zeigen unter anderem Flugzeuge im Winter 1939\/40, die mit Tarnnetzen oder T\u00fcchern verdeckt sind oder die mit einem Motorw\u00e4rmwagen zum Start vorbereitet werden. \u201eDiese Maschinen haben vom November 1939 bis Mai 1940 Aufkl\u00e4rungsausfl\u00fcge \u00fcber Nordfrankreich durchgef\u00fchrt\u201c, wei\u00df der Heimatforscher. Er l\u00e4sst auch einen Zeitzeugen zu Wort kommen; Helmut Alth\u00e4us aus Langg\u00f6ns erinnert sich im Mai 2019 an die \u201edicke Eiche\u201c und den Aussichtsturm am Flugplatz Kirch-G\u00f6ns. Ich kann mich noch gut an einen Wachsoldaten erinnern und ein Schilderh\u00e4uschen Links im Wald hat eine Baracke gestanden und etwas weiter Richtung Flugplatz ein hoher Turm aus Eisenstreben. Beim sogenannten Tag der Wehrmacht hat es am Flugplatz f\u00fcr alle Essen aus den Gulaschkanonen gegeben. Mittlerweile sind fast 80 Jahre vergangen und ich sehe heute immer noch zwei Geb\u00e4ude vor mir, die wie Bauernh\u00e4user ausgesehen haben. Die \u201eDicke Eiche\u201c am Flugplatz neben der Stra\u00dfe Kirch-G\u00f6ns \u2013 Niederkleen, war einmal das Ausflugziel meiner Schulklasse. Das war so um 1940\/31. Wann genau, wei\u00df ich aber nicht mehr. Auch die Do 17 P Aufkl\u00e4rungsflugzeuge, versteckt unter B\u00e4umen, habe ich nicht vergessen. Wie der Krieg gegen Frankreich angefangen hat, waren sie aber weg. Auch an Splittergr\u00e4ben kann ich mich noch gut erinnern\u201c. Zwei Bilder verortet der Heimatforscher nach Langg\u00f6ns, ist sich aber nicht endg\u00fcltig sicher. Deshalb fragt er die Leser, ob sie wissen, in welcher Stra\u00dfe sie gemacht wurden. Abgebildet sind auch Personen. M\u00f6glicherweise erkennt jemand sie. In dem Fall freut sich Werner Reusch \u00fcber einen Anruf.<\/p>\n\n\n\n<p>Quelle und Bilder: Butzbacher Zeitung vom 27. Mai 2021<\/p>\n\n\n\n<figure class=\"wp-block-image size-full\"><img loading=\"lazy\" decoding=\"async\" width=\"997\" height=\"528\" src=\"http:\/\/875jahrekirchgoens.de\/wp-content\/uploads\/2024\/12\/Aufklaerung.png\" alt=\"\" class=\"wp-image-16081\" srcset=\"http:\/\/875jahrekirchgoens.de\/wp-content\/uploads\/2024\/12\/Aufklaerung.png 997w, http:\/\/875jahrekirchgoens.de\/wp-content\/uploads\/2024\/12\/Aufklaerung-300x159.png 300w, http:\/\/875jahrekirchgoens.de\/wp-content\/uploads\/2024\/12\/Aufklaerung-768x407.png 768w\" sizes=\"auto, (max-width: 997px) 100vw, 997px\" \/><\/figure>\n\n\n\n<p><br>\u00a0<br>\u00a0<\/p>\n","protected":false},"excerpt":{"rendered":"<p>Heimatforscher Werner Reusch erg\u00e4nzt Arbeiten zum Flugplatz Kirch-G\u00f6ns mit Fotomaterial Drei B\u00fccher mit zusammen 1001 Seiten und 1419 Bildern hat der Heimatforsche Werner Reusch aus Ebersg\u00f6ns \u00fcber die Themen Flugplatz Kirch-G\u00f6ns, Ayers-Kaserne und Magna-Park geschrieben. Dabei lie\u00df er die Zeit zwischen den 30er Jahren des vergangenen Jahrhunderts und heute Revue passieren. Der Autor plant, den &#8230; <a title=\"Versteckte Aufkl\u00e4rungsflugzeuge, Geb\u00e4ude und Aussichtsturm\" class=\"read-more\" href=\"http:\/\/875jahrekirchgoens.de\/?p=16080\" aria-label=\"Mehr Informationen \u00fcber Versteckte Aufkl\u00e4rungsflugzeuge, Geb\u00e4ude und Aussichtsturm\">Weiterlesen<\/a><\/p>\n","protected":false},"author":1,"featured_media":0,"comment_status":"closed","ping_status":"open","sticky":false,"template":"","format":"standard","meta":{"footnotes":""},"categories":[1],"tags":[],"class_list":["post-16080","post","type-post","status-publish","format-standard","hentry","category-infos"],"_links":{"self":[{"href":"http:\/\/875jahrekirchgoens.de\/index.php?rest_route=\/wp\/v2\/posts\/16080","targetHints":{"allow":["GET"]}}],"collection":[{"href":"http:\/\/875jahrekirchgoens.de\/index.php?rest_route=\/wp\/v2\/posts"}],"about":[{"href":"http:\/\/875jahrekirchgoens.de\/index.php?rest_route=\/wp\/v2\/types\/post"}],"author":[{"embeddable":true,"href":"http:\/\/875jahrekirchgoens.de\/index.php?rest_route=\/wp\/v2\/users\/1"}],"replies":[{"embeddable":true,"href":"http:\/\/875jahrekirchgoens.de\/index.php?rest_route=%2Fwp%2Fv2%2Fcomments&post=16080"}],"version-history":[{"count":1,"href":"http:\/\/875jahrekirchgoens.de\/index.php?rest_route=\/wp\/v2\/posts\/16080\/revisions"}],"predecessor-version":[{"id":16082,"href":"http:\/\/875jahrekirchgoens.de\/index.php?rest_route=\/wp\/v2\/posts\/16080\/revisions\/16082"}],"wp:attachment":[{"href":"http:\/\/875jahrekirchgoens.de\/index.php?rest_route=%2Fwp%2Fv2%2Fmedia&parent=16080"}],"wp:term":[{"taxonomy":"category","embeddable":true,"href":"http:\/\/875jahrekirchgoens.de\/index.php?rest_route=%2Fwp%2Fv2%2Fcategories&post=16080"},{"taxonomy":"post_tag","embeddable":true,"href":"http:\/\/875jahrekirchgoens.de\/index.php?rest_route=%2Fwp%2Fv2%2Ftags&post=16080"}],"curies":[{"name":"wp","href":"https:\/\/api.w.org\/{rel}","templated":true}]}}