{"id":16086,"date":"2021-08-06T15:05:00","date_gmt":"2021-08-06T15:05:00","guid":{"rendered":"http:\/\/875jahrekirchgoens.de\/?p=16086"},"modified":"2024-12-25T15:07:52","modified_gmt":"2024-12-25T15:07:52","slug":"rolf-hillefeld-neuer-2-vorsitzender-im-kirch-goenser-schuetzenverein","status":"publish","type":"post","link":"http:\/\/875jahrekirchgoens.de\/?p=16086","title":{"rendered":"Rolf Hillefeld neuer 2. Vorsitzender im Kirch-G\u00f6nser Sch\u00fctzenverein"},"content":{"rendered":"\n<p><em>Hagen Heinz wurde nach 42-j\u00e4hrigem Engagement aus dem Vorstand verabschiedet<\/em><br>\u00a0<\/p>\n\n\n\n<p>Der Jahresr\u00fcckblick des Kirch-G\u00f6nser Sch\u00fctzenvereins in der Mitgliederversammlung am 23. Juli umfasste die Jahre 2019 bis 2021 und bezog sich auf die Themen des Sports, der Entwicklung und Aktivit\u00e4ten des Vereins sowie die notwendigen Ma\u00dfnahmen zur Erhaltung der Sch\u00fctzenhalle. Der Vorsitzende Gunter M\u00fcller referierte aber auch \u00fcber die aktuelle Situation und die Folgen der Pandemie f\u00fcr den Sch\u00fctzenverein. Da das Vereinsleben durch die Pandemie fast eineinhalb Jahre so gut wie nicht vorhanden war, ging leider die Zahl der passiven Mitglieder zur\u00fcck, im Bereich der Aktiven stagnierte die Anzahl aufgrund der fehlenden Trainingsm\u00f6glichkeiten. Positiv ist der regelm\u00e4\u00dfige Trainingsbetrieb an den Freitagen zu erw\u00e4hnen, sowie das traditionelle Ortspokalschie\u00dfen, das von den Ortsvereinen und Gruppen 2019 angenommen wurde. Aufgrund einer Termin\u00fcberschneidung nahmen nur 6 Mannschaften daran teil. Die Resonanz war bei allen Beteiligten sehr positiv. Coronabedingt wird es leider in diesem Jahr kein Ortspokalschie\u00dfen geben, jedoch f\u00fcr September 2022 ist es geplant. Die vierte Auflage des Kappenabends gemeinsam mit dem TV Vorw\u00e4rts in der Sch\u00fctzenhalle war ein voller Erfolg und war vor dem Lockdown die letzte gro\u00dfe Veranstaltung. Der Zuspruch war sehr gut und eine Wiederaufnahme ist geplant, sobald es wieder m\u00f6glich ist. Gunther M\u00fcller dankte im Jahresbericht allen Aktiven, dass sie den Verein w\u00fcrdig vertreten haben und dem Vorstand f\u00fcr die gute Zusammenarbeit und vielf\u00e4ltige Mitarbeit. Anschlie\u00dfend erhielten Angela M\u00fcller die Vereins-Ehrennadel in Silber f\u00fcr 20-j\u00e4hrige Mitgliedschaft und Christian Winter die Vereins-Ehrennadel in Gold f\u00fcr 30-j\u00e4hrige Mitgliedschaft. Sch\u00fctzenmeister Christian M\u00fcll \u00fcberreichte den begehrten Wanderpokal \u201eSch\u00fctze des Jahres\u201c, f\u00fcr die h\u00f6chste Leistungssteigerung bei den Rundenwettk\u00e4mpfen in 2019 an Gunther M\u00fcller mit einer Steigerung von 14,8 Ringen im Durchschnitt zum Vorjahr. Der Kassenbericht von Karsten M\u00fcller zeigte dank des F\u00f6rdervereins trotz der Pandemie und Investitionen in Sportger\u00e4te ein ausgeglichenes Ergebnis. Dies ist wichtig f\u00fcr die Unterhaltung der Sch\u00fctzenhalle. Der Sch\u00fctzenverein Kirch-G\u00f6ns muss die stetig steigenden hohen Ausgaben selbst bestreiten ohne Zusch\u00fcsse der Stadt. Die Kassenpr\u00fcfer Christoph M\u00fcller und Markus H\u00e4user best\u00e4tigen eine einwandfreie Buchf\u00fchrung, sodass die Entlastung des Vorstandes einstimmig erfolgte. In diesem Jahr standen durch die coronabedingte Pause die gesamten Vorstands\u00e4mter des Sch\u00fctzenvereins und des F\u00f6rdervereins zur Wahl. Der neue Vorstand des Sch\u00fctzenvereins setzt sich wie folgt zusammen: Gunther M\u00fcller (1. Vorsitzender), Christian M\u00fcll (Sch\u00fctzenmeister), Karsten M\u00fcller (1. Kassierer), Mirco Pierdomenico (2. Kassierer) und Michaela R\u00f6hrig-M\u00fcller (Jugendwart). Einen Wechsel gab es beim 2. Vorsitzenden. Nachdem Hagen Heinz sich nach 42 Jahren aktive Vorstandst\u00e4tigkeit nicht mehr zur Wahl stellte, wurde Rolf Hillefeld als neuer 2. Vorsitzender gew\u00e4hlt. Lara Christin Wolf kam als Schriftf\u00fchrerin neu in den Vorstand. Auch der Vorstand des F\u00f6rdervereins wurde neu gew\u00e4hlt. Gunther M\u00fcller wurde als 1. Vorsitzender und Karsten M\u00fcller als Kassierer wiedergew\u00e4hlt, neu in den Vorstand wurde Lara Christin Wolf als Schriftf\u00fchrerin gew\u00e4hlt. Ein wesentlicher Punkt der Mitgliederversammlung war der Antrag des Vorstandes zu Satzungs\u00e4nderungen. Die in die Jahre gekommene Satzung war in vielen Punkten nicht mehr zeitgem\u00e4\u00df und wurde auf den aktuellen Stand gebracht. Gunther M\u00fcller erl\u00e4uterte die Gr\u00fcnde zu den Anpassungen und stellte alle \u00c4nderungen der Versammlung vor. Die Versammlung verabschiedete die vom Vorstand eingebrachten Satzungs\u00e4nderungen in allen Punkten einstimmig. Am Ende der Versammlung bedankte sich der neue Vorstand bei Hagen Heinz mit einer kleinen Fotoshow als Chronik. Gunther M\u00fcller und Rolf Hillefeld bedankten sich bei Hagen Heinz f\u00fcr seine besonderen Verdienste in 42 Jahren Vorstandsarbeit und \u00fcberreichten ihm ein Abschiedsgeschenk als Erinnerung an seine langj\u00e4hrige T\u00e4tigkeit im Vorstand des Sch\u00fctzenvereins Kirch-G\u00f6ns 1962.<\/p>\n\n\n\n<p>Quelle und Bild: Butzbacher Zeitung vom 6. August 2021<\/p>\n\n\n\n<figure class=\"wp-block-image size-full\"><img loading=\"lazy\" decoding=\"async\" width=\"913\" height=\"655\" src=\"http:\/\/875jahrekirchgoens.de\/wp-content\/uploads\/2024\/12\/Rolf-Hill.png\" alt=\"\" class=\"wp-image-16087\" srcset=\"http:\/\/875jahrekirchgoens.de\/wp-content\/uploads\/2024\/12\/Rolf-Hill.png 913w, http:\/\/875jahrekirchgoens.de\/wp-content\/uploads\/2024\/12\/Rolf-Hill-300x215.png 300w, http:\/\/875jahrekirchgoens.de\/wp-content\/uploads\/2024\/12\/Rolf-Hill-768x551.png 768w\" sizes=\"auto, (max-width: 913px) 100vw, 913px\" \/><\/figure>\n","protected":false},"excerpt":{"rendered":"<p>Hagen Heinz wurde nach 42-j\u00e4hrigem Engagement aus dem Vorstand verabschiedet\u00a0 Der Jahresr\u00fcckblick des Kirch-G\u00f6nser Sch\u00fctzenvereins in der Mitgliederversammlung am 23. Juli umfasste die Jahre 2019 bis 2021 und bezog sich auf die Themen des Sports, der Entwicklung und Aktivit\u00e4ten des Vereins sowie die notwendigen Ma\u00dfnahmen zur Erhaltung der Sch\u00fctzenhalle. Der Vorsitzende Gunter M\u00fcller referierte aber &#8230; <a title=\"Rolf Hillefeld neuer 2. Vorsitzender im Kirch-G\u00f6nser Sch\u00fctzenverein\" class=\"read-more\" href=\"http:\/\/875jahrekirchgoens.de\/?p=16086\" aria-label=\"Mehr Informationen \u00fcber Rolf Hillefeld neuer 2. Vorsitzender im Kirch-G\u00f6nser Sch\u00fctzenverein\">Weiterlesen<\/a><\/p>\n","protected":false},"author":1,"featured_media":0,"comment_status":"closed","ping_status":"open","sticky":false,"template":"","format":"standard","meta":{"footnotes":""},"categories":[1],"tags":[],"class_list":["post-16086","post","type-post","status-publish","format-standard","hentry","category-infos"],"_links":{"self":[{"href":"http:\/\/875jahrekirchgoens.de\/index.php?rest_route=\/wp\/v2\/posts\/16086","targetHints":{"allow":["GET"]}}],"collection":[{"href":"http:\/\/875jahrekirchgoens.de\/index.php?rest_route=\/wp\/v2\/posts"}],"about":[{"href":"http:\/\/875jahrekirchgoens.de\/index.php?rest_route=\/wp\/v2\/types\/post"}],"author":[{"embeddable":true,"href":"http:\/\/875jahrekirchgoens.de\/index.php?rest_route=\/wp\/v2\/users\/1"}],"replies":[{"embeddable":true,"href":"http:\/\/875jahrekirchgoens.de\/index.php?rest_route=%2Fwp%2Fv2%2Fcomments&post=16086"}],"version-history":[{"count":1,"href":"http:\/\/875jahrekirchgoens.de\/index.php?rest_route=\/wp\/v2\/posts\/16086\/revisions"}],"predecessor-version":[{"id":16088,"href":"http:\/\/875jahrekirchgoens.de\/index.php?rest_route=\/wp\/v2\/posts\/16086\/revisions\/16088"}],"wp:attachment":[{"href":"http:\/\/875jahrekirchgoens.de\/index.php?rest_route=%2Fwp%2Fv2%2Fmedia&parent=16086"}],"wp:term":[{"taxonomy":"category","embeddable":true,"href":"http:\/\/875jahrekirchgoens.de\/index.php?rest_route=%2Fwp%2Fv2%2Fcategories&post=16086"},{"taxonomy":"post_tag","embeddable":true,"href":"http:\/\/875jahrekirchgoens.de\/index.php?rest_route=%2Fwp%2Fv2%2Ftags&post=16086"}],"curies":[{"name":"wp","href":"https:\/\/api.w.org\/{rel}","templated":true}]}}