{"id":16092,"date":"2021-09-09T15:09:00","date_gmt":"2021-09-09T15:09:00","guid":{"rendered":"http:\/\/875jahrekirchgoens.de\/?p=16092"},"modified":"2024-12-25T15:11:55","modified_gmt":"2024-12-25T15:11:55","slug":"gesangverein-1862-kirch-goens-hat-fuenf-neue-ehrenmitglieder","status":"publish","type":"post","link":"http:\/\/875jahrekirchgoens.de\/?p=16092","title":{"rendered":"Gesangverein 1862 Kirch-G\u00f6ns hat f\u00fcnf neue Ehrenmitglieder"},"content":{"rendered":"\n<p><em>Jahreshauptversammlung f\u00fcr zwei Jahre \/ Claudia Laiacker im Amt der Vorsitzenden best\u00e4tigt<\/em><\/p>\n\n\n\n<p>J\u00fcngst trafen sich die Mitglieder des Gesangverein 1862 Kirch-G\u00f6ns zur Jahreshauptversammlung. Nachdem im letzten Jahr \u201eCorona-bedingt\u201c keine Versammlung stattfinden konnte, wurde diesmal vom Jahresverlauf 2019 und 2020 berichtet. Vorsitzende Claudia Laiacker hat ihren Rechenschaftsbericht mit Fotos begleitet, die die Erinnerung an die \u201eZeit vor Corona\u201c zur\u00fcckbrachte. Im Vergleich der beiden Jahresberichte wurde deutlich erkennbar, wie viele Auftritte der Gesangverein j\u00e4hrlich veranstaltete. Konnte im Jahr 2019 noch im S\u00e4ngersaal des B\u00fcrgerhauses Kirch-G\u00f6ns geprobt werden, so mussten 2020 die Proben haupts\u00e4chlich im Freien oder im Winter per Videokonferenz stattfinden. Die meisten S\u00e4nger nahmen an diesen Proben teil, so dass, wenn auch in ungewohnter Form, regelm\u00e4\u00dfig gesungen werden konnte. 2019 und auch noch Anfang 202 fanden das erfolgreiche Schlachtfest, 2020 mit einem Schnitzelfest, und das Heringsessen am Aschermittwoch statt. Im Jahr 2019 fanden neben einem Probe-Wochenende im Schloss Herborn, die Teilnahme am Wertungssingen in H\u00fcttenberg, Auftritte beim Backhausfest in Kirch-G\u00f6ns, im Gottesdienst der Gambacher Kirmes, beim Jubil\u00e4um des Gesangvereins Pohl-G\u00f6ns, beim Motto-Konzert des Chors \u201eModern Voices\u201c in Watzenborn-Steinberg, gemeinsamen Konzert mit der Feuerwehrmusik Butzbach-Kirch-G\u00f6ns, der Seniorenfeier im B\u00fcrgerhaus Kirch-G\u00f6ns, Weihnachtsmarkt Kirch-G\u00f6ns und etliche St\u00e4ndchen zu runden Geburtstagen statt. Au\u00dferdem hat der Verein in 2019 einen Ausflug nach W\u00fcrzburg mit F\u00fchrung, Weinprobe und spontanen gemeinsamen Singen veranstaltet. Es waren S\u00e4nger beim Ortspokalschie\u00dfen 2019 des Sch\u00fctzenvereins Kirch-G\u00f6ns vertreten und auch an den Proben f\u00fcr das Martin-Luther-King Musical in Wetzlar nahmen wir teil. Das Musical musste wegen der Pandemie schon mehrmals verschoben werden, es soll jedoch in jedem Fall stattfinden. Im Herbst 2019 wurde ein Projektchor zum Singen von Weihnachtsliedern gestartet. Viele neue S\u00e4nger nahmen an diesem mit Freude teil. 2020 gab es zwei Auftritte des Chors im Rahmen des Butzbacher Kultursommers. Au\u00dferdem wurden Videos erstellt, bei denen dann alle gemeinsam beim Singen zu sehen waren. Unter anderem fand ein Weihnachts-Corona-Konzert gro\u00dfen Anklang. Die gemeinsamen Treffen fanden w\u00e4hrend der Lockdowns w\u00f6chentlich per Videokonferenz statt. Laiacker wurde in ihrem Amt als Vorsitzende durch Wiederwahl best\u00e4tigt. Zum zweiten Vorsitzenden wurde J\u00fcrgen R\u00fchl gew\u00e4hlt. Martina Tschentscher ist die neue Schriftf\u00fchrerin, Stellvertreterin ist Vanessa Hock. Zur neuen Kassenwartin wurde Carmen M\u00fcller gew\u00e4hlt, Stellvertreterin ist Kathy Schicketanz. Dem scheidenden Kassenwart Harald Eckhard wurde von den Kassenpr\u00fcfern die ordentliche Buchf\u00fchrung bescheinigt. Als Beisitzer wurden Ute Maiwald, Manja Schaaf, Tanja Schrenk und Harald Eckhard gew\u00e4hlt. Neue Ehrenmitglieder wurden anl\u00e4sslich ihres 70. Geburtstags ernannt. So wurden den beiden anwesenden neuen Ehrenmitgliedern Norbert Kartmann und Wilfried Schwarz ein Pr\u00e4sent und eine Urkunde \u00fcberreicht. Au\u00dferdem wurden zu neuen Ehrenmitgliedern Helmut Hankel, Gerd Bink und Helmut Ceh. Claudia Laiacker wurde f\u00fcr 24 Jahre aktives Singen geehrt, Auch wurden die S\u00e4nger geehrt, die in 2019 regelm\u00e4\u00dfig die Proben besucht hatten. F\u00fcr 2020 fand eine solche Z\u00e4hlung \u201ecoronabedingt\u201c nicht statt. Mit der Hoffnung auf weiterhin m\u00f6gliche Singstunden und der Aussicht auf einem noch im Herbst anstehenden Auftritt auf dem Marktplatz in Butzbach beendete die Vorsitzende die Versammlung.<\/p>\n\n\n\n<p>Quelle und Bilder: Butzbacher Zeitung vom 9. September 2021<\/p>\n\n\n\n<figure class=\"wp-block-image size-full\"><img loading=\"lazy\" decoding=\"async\" width=\"931\" height=\"405\" src=\"http:\/\/875jahrekirchgoens.de\/wp-content\/uploads\/2024\/12\/Fuenf-Ehrenmitglieder.png\" alt=\"\" class=\"wp-image-16093\" srcset=\"http:\/\/875jahrekirchgoens.de\/wp-content\/uploads\/2024\/12\/Fuenf-Ehrenmitglieder.png 931w, http:\/\/875jahrekirchgoens.de\/wp-content\/uploads\/2024\/12\/Fuenf-Ehrenmitglieder-300x131.png 300w, http:\/\/875jahrekirchgoens.de\/wp-content\/uploads\/2024\/12\/Fuenf-Ehrenmitglieder-768x334.png 768w\" sizes=\"auto, (max-width: 931px) 100vw, 931px\" \/><\/figure>\n","protected":false},"excerpt":{"rendered":"<p>Jahreshauptversammlung f\u00fcr zwei Jahre \/ Claudia Laiacker im Amt der Vorsitzenden best\u00e4tigt J\u00fcngst trafen sich die Mitglieder des Gesangverein 1862 Kirch-G\u00f6ns zur Jahreshauptversammlung. Nachdem im letzten Jahr \u201eCorona-bedingt\u201c keine Versammlung stattfinden konnte, wurde diesmal vom Jahresverlauf 2019 und 2020 berichtet. Vorsitzende Claudia Laiacker hat ihren Rechenschaftsbericht mit Fotos begleitet, die die Erinnerung an die \u201eZeit &#8230; <a title=\"Gesangverein 1862 Kirch-G\u00f6ns hat f\u00fcnf neue Ehrenmitglieder\" class=\"read-more\" href=\"http:\/\/875jahrekirchgoens.de\/?p=16092\" aria-label=\"Mehr Informationen \u00fcber Gesangverein 1862 Kirch-G\u00f6ns hat f\u00fcnf neue Ehrenmitglieder\">Weiterlesen<\/a><\/p>\n","protected":false},"author":1,"featured_media":0,"comment_status":"closed","ping_status":"open","sticky":false,"template":"","format":"standard","meta":{"footnotes":""},"categories":[1],"tags":[],"class_list":["post-16092","post","type-post","status-publish","format-standard","hentry","category-infos"],"_links":{"self":[{"href":"http:\/\/875jahrekirchgoens.de\/index.php?rest_route=\/wp\/v2\/posts\/16092","targetHints":{"allow":["GET"]}}],"collection":[{"href":"http:\/\/875jahrekirchgoens.de\/index.php?rest_route=\/wp\/v2\/posts"}],"about":[{"href":"http:\/\/875jahrekirchgoens.de\/index.php?rest_route=\/wp\/v2\/types\/post"}],"author":[{"embeddable":true,"href":"http:\/\/875jahrekirchgoens.de\/index.php?rest_route=\/wp\/v2\/users\/1"}],"replies":[{"embeddable":true,"href":"http:\/\/875jahrekirchgoens.de\/index.php?rest_route=%2Fwp%2Fv2%2Fcomments&post=16092"}],"version-history":[{"count":1,"href":"http:\/\/875jahrekirchgoens.de\/index.php?rest_route=\/wp\/v2\/posts\/16092\/revisions"}],"predecessor-version":[{"id":16094,"href":"http:\/\/875jahrekirchgoens.de\/index.php?rest_route=\/wp\/v2\/posts\/16092\/revisions\/16094"}],"wp:attachment":[{"href":"http:\/\/875jahrekirchgoens.de\/index.php?rest_route=%2Fwp%2Fv2%2Fmedia&parent=16092"}],"wp:term":[{"taxonomy":"category","embeddable":true,"href":"http:\/\/875jahrekirchgoens.de\/index.php?rest_route=%2Fwp%2Fv2%2Fcategories&post=16092"},{"taxonomy":"post_tag","embeddable":true,"href":"http:\/\/875jahrekirchgoens.de\/index.php?rest_route=%2Fwp%2Fv2%2Ftags&post=16092"}],"curies":[{"name":"wp","href":"https:\/\/api.w.org\/{rel}","templated":true}]}}