{"id":16095,"date":"2021-09-09T15:12:00","date_gmt":"2021-09-09T15:12:00","guid":{"rendered":"http:\/\/875jahrekirchgoens.de\/?p=16095"},"modified":"2024-12-25T15:12:42","modified_gmt":"2024-12-25T15:12:42","slug":"kontrolle-verloren","status":"publish","type":"post","link":"http:\/\/875jahrekirchgoens.de\/?p=16095","title":{"rendered":"Kontrolle verloren"},"content":{"rendered":"\n<p>Gegen eine Hauswand in der Kirch-G\u00f6nser Hauptstra\u00dfe fuhr am Dienstag gegen 23.40 Uhr ein Opel. Der 38-j\u00e4hrige Fahrer aus dem Wetteraukreis verlor aufgrund nicht angepasster Geschwindigkeit auf seinem Weg \u00fcber die Langg\u00f6nser Stra\u00dfe in Richtung Pohl-G\u00f6ns die Kontrolle \u00fcber seinen Pkw. Dabei kam er von der Stra\u00dfe ab und stie\u00df an der Einm\u00fcndung Bahnhofstra\u00dfe gegen eine Hauswand. Der Mann verletzte sich bei der Kollision leicht. An seinem Pkw entstand Sachschaden von 8000 Euro. Das Fahrzeug musste abgeschleppt werden. Auch am Haus entstand Sachschaden. Dieser bel\u00e4uft sich auf ca. 1500 Euro. Hinweise nimmt die Polizei in Butzbach entgegen.<\/p>\n\n\n\n<p>Quelle: Butzbacher Zeitung vom 9. September 2021<\/p>\n","protected":false},"excerpt":{"rendered":"<p>Gegen eine Hauswand in der Kirch-G\u00f6nser Hauptstra\u00dfe fuhr am Dienstag gegen 23.40 Uhr ein Opel. Der 38-j\u00e4hrige Fahrer aus dem Wetteraukreis verlor aufgrund nicht angepasster Geschwindigkeit auf seinem Weg \u00fcber die Langg\u00f6nser Stra\u00dfe in Richtung Pohl-G\u00f6ns die Kontrolle \u00fcber seinen Pkw. Dabei kam er von der Stra\u00dfe ab und stie\u00df an der Einm\u00fcndung Bahnhofstra\u00dfe gegen &#8230; <a title=\"Kontrolle verloren\" class=\"read-more\" href=\"http:\/\/875jahrekirchgoens.de\/?p=16095\" aria-label=\"Mehr Informationen \u00fcber Kontrolle verloren\">Weiterlesen<\/a><\/p>\n","protected":false},"author":1,"featured_media":0,"comment_status":"closed","ping_status":"open","sticky":false,"template":"","format":"standard","meta":{"footnotes":""},"categories":[1],"tags":[],"class_list":["post-16095","post","type-post","status-publish","format-standard","hentry","category-infos"],"_links":{"self":[{"href":"http:\/\/875jahrekirchgoens.de\/index.php?rest_route=\/wp\/v2\/posts\/16095","targetHints":{"allow":["GET"]}}],"collection":[{"href":"http:\/\/875jahrekirchgoens.de\/index.php?rest_route=\/wp\/v2\/posts"}],"about":[{"href":"http:\/\/875jahrekirchgoens.de\/index.php?rest_route=\/wp\/v2\/types\/post"}],"author":[{"embeddable":true,"href":"http:\/\/875jahrekirchgoens.de\/index.php?rest_route=\/wp\/v2\/users\/1"}],"replies":[{"embeddable":true,"href":"http:\/\/875jahrekirchgoens.de\/index.php?rest_route=%2Fwp%2Fv2%2Fcomments&post=16095"}],"version-history":[{"count":1,"href":"http:\/\/875jahrekirchgoens.de\/index.php?rest_route=\/wp\/v2\/posts\/16095\/revisions"}],"predecessor-version":[{"id":16096,"href":"http:\/\/875jahrekirchgoens.de\/index.php?rest_route=\/wp\/v2\/posts\/16095\/revisions\/16096"}],"wp:attachment":[{"href":"http:\/\/875jahrekirchgoens.de\/index.php?rest_route=%2Fwp%2Fv2%2Fmedia&parent=16095"}],"wp:term":[{"taxonomy":"category","embeddable":true,"href":"http:\/\/875jahrekirchgoens.de\/index.php?rest_route=%2Fwp%2Fv2%2Fcategories&post=16095"},{"taxonomy":"post_tag","embeddable":true,"href":"http:\/\/875jahrekirchgoens.de\/index.php?rest_route=%2Fwp%2Fv2%2Ftags&post=16095"}],"curies":[{"name":"wp","href":"https:\/\/api.w.org\/{rel}","templated":true}]}}