{"id":16100,"date":"2021-12-01T15:14:00","date_gmt":"2021-12-01T15:14:00","guid":{"rendered":"http:\/\/875jahrekirchgoens.de\/?p=16100"},"modified":"2024-12-25T15:15:52","modified_gmt":"2024-12-25T15:15:52","slug":"adventsingen-auf-dem-schulhof","status":"publish","type":"post","link":"http:\/\/875jahrekirchgoens.de\/?p=16100","title":{"rendered":"Adventsingen auf dem Schulhof"},"content":{"rendered":"\n<p>Alle Jahre wieder ist es Brauch in der G\u00f6nser Grund-Schule, dass die gesamte Schulgemeinde sich an den Adventsmontagen zusammenfindet und rund um den geschm\u00fcckten Tannenbaum Weihnachtslieder singt, Gedichte vortr\u00e4gt oder sein eigenes Musikinstrument mitbringt und der Schulgemeinde ein Weihnachtslied vortr\u00e4gt. Bis jetzt war das so, aber besondere Zeiten erfordern besondere Ma\u00dfnahmen. Da das Singen in geschlossenen R\u00e4umen nicht erlaubt ist, ist die komplette Schulgemeinde einfach auf den Schulhof gezogen und hat ihr Adventssingen dort stattfinden lassen, denn ausfallen lassen wollten das die Sch\u00fcler auf gar keinen Fall. Schlie\u00dflich geh\u00f6rt das zur Weihnachtszeit dazu und es ist doch sonst kein richtiges Weihnachten in der Schule ohne das Adventssingen. So war zwar der sch\u00f6n geschm\u00fcckte Tannenbaum von den beiden dritten Schuljahren etwas verwaist auf dem Schulflur, aber auf dem Schulhof konnte man die Weihnachtslieder laut und deutlich erklingen h\u00f6ren und als ob es noch jemand anderem als den Sch\u00fclern gefallen h\u00e4tte, fing es doch genau in diesem Moment an zu schneien. Besser konnte es doch nicht laufen.<\/p>\n\n\n\n<p>Quelle und Bild: Butzbacher Zeitung vom 1. Dezember 2021<\/p>\n\n\n\n<figure class=\"wp-block-image size-full\"><img loading=\"lazy\" decoding=\"async\" width=\"605\" height=\"237\" src=\"http:\/\/875jahrekirchgoens.de\/wp-content\/uploads\/2024\/12\/Adventssingen1.png\" alt=\"\" class=\"wp-image-16101\" srcset=\"http:\/\/875jahrekirchgoens.de\/wp-content\/uploads\/2024\/12\/Adventssingen1.png 605w, http:\/\/875jahrekirchgoens.de\/wp-content\/uploads\/2024\/12\/Adventssingen1-300x118.png 300w\" sizes=\"auto, (max-width: 605px) 100vw, 605px\" \/><\/figure>\n\n\n\n<p><\/p>\n\n\n\n<p><br>\u00a0<\/p>\n","protected":false},"excerpt":{"rendered":"<p>Alle Jahre wieder ist es Brauch in der G\u00f6nser Grund-Schule, dass die gesamte Schulgemeinde sich an den Adventsmontagen zusammenfindet und rund um den geschm\u00fcckten Tannenbaum Weihnachtslieder singt, Gedichte vortr\u00e4gt oder sein eigenes Musikinstrument mitbringt und der Schulgemeinde ein Weihnachtslied vortr\u00e4gt. Bis jetzt war das so, aber besondere Zeiten erfordern besondere Ma\u00dfnahmen. Da das Singen in &#8230; <a title=\"Adventsingen auf dem Schulhof\" class=\"read-more\" href=\"http:\/\/875jahrekirchgoens.de\/?p=16100\" aria-label=\"Mehr Informationen \u00fcber Adventsingen auf dem Schulhof\">Weiterlesen<\/a><\/p>\n","protected":false},"author":1,"featured_media":0,"comment_status":"closed","ping_status":"open","sticky":false,"template":"","format":"standard","meta":{"footnotes":""},"categories":[1],"tags":[],"class_list":["post-16100","post","type-post","status-publish","format-standard","hentry","category-infos"],"_links":{"self":[{"href":"http:\/\/875jahrekirchgoens.de\/index.php?rest_route=\/wp\/v2\/posts\/16100","targetHints":{"allow":["GET"]}}],"collection":[{"href":"http:\/\/875jahrekirchgoens.de\/index.php?rest_route=\/wp\/v2\/posts"}],"about":[{"href":"http:\/\/875jahrekirchgoens.de\/index.php?rest_route=\/wp\/v2\/types\/post"}],"author":[{"embeddable":true,"href":"http:\/\/875jahrekirchgoens.de\/index.php?rest_route=\/wp\/v2\/users\/1"}],"replies":[{"embeddable":true,"href":"http:\/\/875jahrekirchgoens.de\/index.php?rest_route=%2Fwp%2Fv2%2Fcomments&post=16100"}],"version-history":[{"count":1,"href":"http:\/\/875jahrekirchgoens.de\/index.php?rest_route=\/wp\/v2\/posts\/16100\/revisions"}],"predecessor-version":[{"id":16102,"href":"http:\/\/875jahrekirchgoens.de\/index.php?rest_route=\/wp\/v2\/posts\/16100\/revisions\/16102"}],"wp:attachment":[{"href":"http:\/\/875jahrekirchgoens.de\/index.php?rest_route=%2Fwp%2Fv2%2Fmedia&parent=16100"}],"wp:term":[{"taxonomy":"category","embeddable":true,"href":"http:\/\/875jahrekirchgoens.de\/index.php?rest_route=%2Fwp%2Fv2%2Fcategories&post=16100"},{"taxonomy":"post_tag","embeddable":true,"href":"http:\/\/875jahrekirchgoens.de\/index.php?rest_route=%2Fwp%2Fv2%2Ftags&post=16100"}],"curies":[{"name":"wp","href":"https:\/\/api.w.org\/{rel}","templated":true}]}}