{"id":16104,"date":"2020-01-28T15:22:00","date_gmt":"2020-01-28T15:22:00","guid":{"rendered":"http:\/\/875jahrekirchgoens.de\/?p=16104"},"modified":"2024-12-25T15:23:58","modified_gmt":"2024-12-25T15:23:58","slug":"uffgemotzes-schlachtfest-mit-chor","status":"publish","type":"post","link":"http:\/\/875jahrekirchgoens.de\/?p=16104","title":{"rendered":"\u201eUffgemotzes\u201c Schlachtfest mit Chor"},"content":{"rendered":"\n<p>Am vergangenen Samstag veranstaltete der Gesangverein 1862 Kirch-G\u00f6ns wieder sein allj\u00e4hrliches Schlachtfest im B\u00fcrgerhaus Kirch-G\u00f6ns. Und weil der Gospelchor \u201eLet it Shine\u201c in diesem Jahr sein zehnj\u00e4hriges Bestehen feiert, war dieses Schlachtfest um ein Programm mit dem Chor \u201euffgemotzt\u201c. \u201eLet it Shine\u201c unter der Leitung von Theresa Heinz unterhielt die G\u00e4ste mit verschiedenen Gospels und anderen St\u00fccken. Dazu geh\u00f6rten als Einstieg eine Reminiszenz an Martin Luther King \u201eWe got shoes\u201c. Es folgten das sehr rhythmische afrikanische Lied \u201eNa Zela\u201c und dann \u201ePeter\u00b4s walk\u201c und \u201eLet my poeple go \/ Go down Moses\u201c. Eine Besonderheit stellte das Lied \u201eNessaja\u201c oder \u201eIch wollte nie erwachsen sein\u201c von Peter Maffay dar. Zum Abschluss erklang das Lied \u201eLet it Shine\u201c von dem der Chorname abgeleitet ist. Die Besucher bedankten sich mit kr\u00e4ftigem Applaus und der Chor sang die Zugabe \u201eHaven ist a wonderful place\u201c. Den ganzen Tag \u00fcber war mit Speisen und Getr\u00e4nken f\u00fcr ein gem\u00fctliches Beisammensein bestens gesorgt.<\/p>\n\n\n\n<p>Quelle und Bild: Butzbacher Zeitung vom 28. Januar 2020<\/p>\n\n\n\n<figure class=\"wp-block-image size-full\"><img loading=\"lazy\" decoding=\"async\" width=\"829\" height=\"282\" src=\"http:\/\/875jahrekirchgoens.de\/wp-content\/uploads\/2024\/12\/Uffgemotzt.png\" alt=\"\" class=\"wp-image-16105\" srcset=\"http:\/\/875jahrekirchgoens.de\/wp-content\/uploads\/2024\/12\/Uffgemotzt.png 829w, http:\/\/875jahrekirchgoens.de\/wp-content\/uploads\/2024\/12\/Uffgemotzt-300x102.png 300w, http:\/\/875jahrekirchgoens.de\/wp-content\/uploads\/2024\/12\/Uffgemotzt-768x261.png 768w\" sizes=\"auto, (max-width: 829px) 100vw, 829px\" \/><\/figure>\n\n\n\n<p><\/p>\n","protected":false},"excerpt":{"rendered":"<p>Am vergangenen Samstag veranstaltete der Gesangverein 1862 Kirch-G\u00f6ns wieder sein allj\u00e4hrliches Schlachtfest im B\u00fcrgerhaus Kirch-G\u00f6ns. Und weil der Gospelchor \u201eLet it Shine\u201c in diesem Jahr sein zehnj\u00e4hriges Bestehen feiert, war dieses Schlachtfest um ein Programm mit dem Chor \u201euffgemotzt\u201c. \u201eLet it Shine\u201c unter der Leitung von Theresa Heinz unterhielt die G\u00e4ste mit verschiedenen Gospels und &#8230; <a title=\"\u201eUffgemotzes\u201c Schlachtfest mit Chor\" class=\"read-more\" href=\"http:\/\/875jahrekirchgoens.de\/?p=16104\" aria-label=\"Mehr Informationen \u00fcber \u201eUffgemotzes\u201c Schlachtfest mit Chor\">Weiterlesen<\/a><\/p>\n","protected":false},"author":1,"featured_media":0,"comment_status":"closed","ping_status":"open","sticky":false,"template":"","format":"standard","meta":{"footnotes":""},"categories":[1],"tags":[],"class_list":["post-16104","post","type-post","status-publish","format-standard","hentry","category-infos"],"_links":{"self":[{"href":"http:\/\/875jahrekirchgoens.de\/index.php?rest_route=\/wp\/v2\/posts\/16104","targetHints":{"allow":["GET"]}}],"collection":[{"href":"http:\/\/875jahrekirchgoens.de\/index.php?rest_route=\/wp\/v2\/posts"}],"about":[{"href":"http:\/\/875jahrekirchgoens.de\/index.php?rest_route=\/wp\/v2\/types\/post"}],"author":[{"embeddable":true,"href":"http:\/\/875jahrekirchgoens.de\/index.php?rest_route=\/wp\/v2\/users\/1"}],"replies":[{"embeddable":true,"href":"http:\/\/875jahrekirchgoens.de\/index.php?rest_route=%2Fwp%2Fv2%2Fcomments&post=16104"}],"version-history":[{"count":1,"href":"http:\/\/875jahrekirchgoens.de\/index.php?rest_route=\/wp\/v2\/posts\/16104\/revisions"}],"predecessor-version":[{"id":16106,"href":"http:\/\/875jahrekirchgoens.de\/index.php?rest_route=\/wp\/v2\/posts\/16104\/revisions\/16106"}],"wp:attachment":[{"href":"http:\/\/875jahrekirchgoens.de\/index.php?rest_route=%2Fwp%2Fv2%2Fmedia&parent=16104"}],"wp:term":[{"taxonomy":"category","embeddable":true,"href":"http:\/\/875jahrekirchgoens.de\/index.php?rest_route=%2Fwp%2Fv2%2Fcategories&post=16104"},{"taxonomy":"post_tag","embeddable":true,"href":"http:\/\/875jahrekirchgoens.de\/index.php?rest_route=%2Fwp%2Fv2%2Ftags&post=16104"}],"curies":[{"name":"wp","href":"https:\/\/api.w.org\/{rel}","templated":true}]}}