{"id":16107,"date":"2020-02-20T15:24:00","date_gmt":"2020-02-20T15:24:00","guid":{"rendered":"http:\/\/875jahrekirchgoens.de\/?p=16107"},"modified":"2024-12-25T15:25:50","modified_gmt":"2024-12-25T15:25:50","slug":"auszeichnung-als-kinderrechteschule","status":"publish","type":"post","link":"http:\/\/875jahrekirchgoens.de\/?p=16107","title":{"rendered":"Auszeichnung als Kinderrechteschule"},"content":{"rendered":"\n<p>Am 18. Februar 2020 trafen sich Vertreter*innen der hessischen Kinderrechteschulen in Frankfurt am Main.\u00a0 Es gab zwei gute Gr\u00fcnde zu feiern: Seit 10 Jahren gibt es das Modellschul-Netzwerk f\u00fcr Kinderrechte und Demokratie Hessen, dem mittlerweile rund 25 angeh\u00f6ren. Sechs Schulen \u2013 darunter die G\u00f6nser-Grund-Schule \u2013 schlossen mit dem Tag das Ausbildungsprogramm \u201eAuf dem Weg zur Kinderrechte- und Demokratieschule\u201c ab, wurden in das Netzwerk aufgenommen und damit als Kinderrechteschule ausgezeichnet. J\u00f6rg Meyer-Scholten aus dem Hessischen Kultusministerium sowie Jasmine Gebhard von Makista gratulierten den Schulen. Auszeichnung der G\u00f6nser-Grund-Schule als Kinderrechteschule und Mitglied im Modellschul-Netzwerk f\u00fcr Kinderrechte und Demokratie Hessen. Ann Kathrin Linsenhoff, erfolgreiche Dressurreiterin und ehemaliges UNICEF-Vorstandsmitglied, dankte den Beteiligten in einer Videobotschaft f\u00fcr ihr gro\u00dfes Engagement. Sie hatte 2009 gemeinsam mit Sonja Student, Vorsitzende des Vereins Makista, das Netzwerk ins Leben gerufen und unterst\u00fctzt. Seitdem besch\u00e4ftigen sich Lehrkr\u00e4fte, Schulleitungen, p\u00e4dagogische Fachkr\u00e4fte und Eltern darin gemeinsam mit dem Team von Makista und den Netzwerkpartnern mit der Frage: Wie lernen und leben wir die UN-Kinderrechtskonvention in der Schule? Dazu werden vor allem regelm\u00e4\u00dfige Gelegenheiten zum Austausch von Erfahrungen und praktischen Ideen der Schulen untereinander geschaffen. Fortbildungsmodule regen zur Reflexion an, wie die Prinzipien der Kinderrechte Gleichheit, Schutz, F\u00f6rderung und Beteiligung zur Ordnung vorhandener p\u00e4dagogischer Strukturen beitragen k\u00f6nnen. Neue \u201eStandards f\u00fcr Kinderrechteschulen\u201c unterst\u00fctzen das. Das Netzwerk versteht sich auch als gesellschaftliche Kraft f\u00fcr die Realisierung der Kinderrechte in Hessen oder dar\u00fcber hinaus. Sch\u00fclerinnen und Sch\u00fcler aus Kinderrechteschulen wirkten an der Erarbeitung der Hessischen Kinder- und Jugendrecht-Charta mit, organisierten Aktionen zur Aufnahme der Kinderrechte in die Hessische Verfassung und in das Grundgesetz. Das Modellschul-Netzwerk f\u00fcr Kinderrechte und Demokratie Hessen ist ein Programm von Makista e. V. in Partnerschaft mit: HKM-Projekt \u201eGewaltpr\u00e4vention und Demokratielernen\u201c (GuD), Linsenhoff-Stiftung, UNICEF Deutschland, Deutsches Kinderhilfswerk. Aktuell werden einzelne Ma\u00dfnahmen im Netzwerk gef\u00f6rdert im Landesprogramm \u201eHessen aktiv \u2013 f\u00fcr Demokratie und gegen Extremismus\u201c.<\/p>\n\n\n\n<p>Quelle und Bilder: goenser-grund-schule.de vom 20. Februar 2020<\/p>\n\n\n\n<figure class=\"wp-block-image size-full\"><img loading=\"lazy\" decoding=\"async\" width=\"916\" height=\"430\" src=\"http:\/\/875jahrekirchgoens.de\/wp-content\/uploads\/2024\/12\/Kinderrechtschule.png\" alt=\"\" class=\"wp-image-16108\" srcset=\"http:\/\/875jahrekirchgoens.de\/wp-content\/uploads\/2024\/12\/Kinderrechtschule.png 916w, http:\/\/875jahrekirchgoens.de\/wp-content\/uploads\/2024\/12\/Kinderrechtschule-300x141.png 300w, http:\/\/875jahrekirchgoens.de\/wp-content\/uploads\/2024\/12\/Kinderrechtschule-768x361.png 768w\" sizes=\"auto, (max-width: 916px) 100vw, 916px\" \/><\/figure>\n","protected":false},"excerpt":{"rendered":"<p>Am 18. Februar 2020 trafen sich Vertreter*innen der hessischen Kinderrechteschulen in Frankfurt am Main.\u00a0 Es gab zwei gute Gr\u00fcnde zu feiern: Seit 10 Jahren gibt es das Modellschul-Netzwerk f\u00fcr Kinderrechte und Demokratie Hessen, dem mittlerweile rund 25 angeh\u00f6ren. Sechs Schulen \u2013 darunter die G\u00f6nser-Grund-Schule \u2013 schlossen mit dem Tag das Ausbildungsprogramm \u201eAuf dem Weg zur &#8230; <a title=\"Auszeichnung als Kinderrechteschule\" class=\"read-more\" href=\"http:\/\/875jahrekirchgoens.de\/?p=16107\" aria-label=\"Mehr Informationen \u00fcber Auszeichnung als Kinderrechteschule\">Weiterlesen<\/a><\/p>\n","protected":false},"author":1,"featured_media":0,"comment_status":"closed","ping_status":"open","sticky":false,"template":"","format":"standard","meta":{"footnotes":""},"categories":[1],"tags":[],"class_list":["post-16107","post","type-post","status-publish","format-standard","hentry","category-infos"],"_links":{"self":[{"href":"http:\/\/875jahrekirchgoens.de\/index.php?rest_route=\/wp\/v2\/posts\/16107","targetHints":{"allow":["GET"]}}],"collection":[{"href":"http:\/\/875jahrekirchgoens.de\/index.php?rest_route=\/wp\/v2\/posts"}],"about":[{"href":"http:\/\/875jahrekirchgoens.de\/index.php?rest_route=\/wp\/v2\/types\/post"}],"author":[{"embeddable":true,"href":"http:\/\/875jahrekirchgoens.de\/index.php?rest_route=\/wp\/v2\/users\/1"}],"replies":[{"embeddable":true,"href":"http:\/\/875jahrekirchgoens.de\/index.php?rest_route=%2Fwp%2Fv2%2Fcomments&post=16107"}],"version-history":[{"count":1,"href":"http:\/\/875jahrekirchgoens.de\/index.php?rest_route=\/wp\/v2\/posts\/16107\/revisions"}],"predecessor-version":[{"id":16109,"href":"http:\/\/875jahrekirchgoens.de\/index.php?rest_route=\/wp\/v2\/posts\/16107\/revisions\/16109"}],"wp:attachment":[{"href":"http:\/\/875jahrekirchgoens.de\/index.php?rest_route=%2Fwp%2Fv2%2Fmedia&parent=16107"}],"wp:term":[{"taxonomy":"category","embeddable":true,"href":"http:\/\/875jahrekirchgoens.de\/index.php?rest_route=%2Fwp%2Fv2%2Fcategories&post=16107"},{"taxonomy":"post_tag","embeddable":true,"href":"http:\/\/875jahrekirchgoens.de\/index.php?rest_route=%2Fwp%2Fv2%2Ftags&post=16107"}],"curies":[{"name":"wp","href":"https:\/\/api.w.org\/{rel}","templated":true}]}}