{"id":16127,"date":"2025-01-02T18:54:52","date_gmt":"2025-01-02T18:54:52","guid":{"rendered":"http:\/\/875jahrekirchgoens.de\/?p=16127"},"modified":"2025-01-02T18:54:53","modified_gmt":"2025-01-02T18:54:53","slug":"kirch-goens-wanderte-mit-jung-und-alt-ins-jubilaeumsjahr","status":"publish","type":"post","link":"http:\/\/875jahrekirchgoens.de\/?p=16127","title":{"rendered":"Kirch-G\u00f6ns wanderte mit Jung und Alt ins Jubil\u00e4umsjahr"},"content":{"rendered":"\n<p><em>Grenzmarsch in der Gemarkung<\/em><\/p>\n\n\n\n<p>(Mz.) Am Samstag, 28. Dezember, wanderte Kirch-G\u00f6ns in das Jubil\u00e4umsjahr zum 875j\u00e4hrigen Bestehen. Die Interessengemeinschaft der Kirch-G\u00f6nser Vereine und Gruppierungen hatte zu einem \u201eGrenzmarsch\u201c mit anschlie\u00dfendem Abschluss in der Gastst\u00e4tte \u201eZum G\u00f6nser St\u00f6ffche\u201c bei Andr\u00e9 F. und Nicole Cannon eingeladen. Um 15.00 Uhr traf man sich am Feuerwehrger\u00e4tehaus in Kirch-G\u00f6ns und wurde von der \u00f6rtlichen Feuerwehr mit einem Getr\u00e4nk begr\u00fc\u00dft. Die Wegstrecke, beginnend auf der Hauptstra\u00dfe f\u00fchrte \u00fcber den angrenzenden Feldweg (\u201eOchse Eugen\u201c), Eisenbahnbr\u00fccke, Gambacher Stra\u00dfe mit einer Rast an der Sch\u00fctzenhalle. Bei den Kirch-G\u00f6nser Sch\u00fctzen konnte man \u00a0Gl\u00fchwein zum Aufw\u00e4rmen bzw. diverse andere Getr\u00e4nke und Schmalzbrot einnehmen. Gut ger\u00fcstet ging es dann auf die letzte Etappe durch die Bahnhofstra\u00dfe, Schmalbach zur Taubgasse. Bei Rinds- oder Fleischwurst im Br\u00f6tchen in der Strau\u00dfwirtschaft konnten die weit \u00fcber siebzig Teilnehmer den Abend noch genie\u00dfen. Die Interessengemeinschaft dankt nochmals den Kirch-G\u00f6nser Sch\u00fctzen, der Familie Cannon und allen Teilnehmer\/innen. Die IG freut sich auf die kommenden Veranstaltungen im Jubil\u00e4umsjahr.<\/p>\n\n\n\n<p>Bild: Andrea Bergens \/ Kirch-G\u00f6ns<\/p>\n\n\n\n<figure class=\"wp-block-image size-large\"><img loading=\"lazy\" decoding=\"async\" width=\"1024\" height=\"576\" src=\"http:\/\/875jahrekirchgoens.de\/wp-content\/uploads\/2025\/01\/2024-12-28.12.24-Gruppenbild-1024x576.jpeg\" alt=\"\" class=\"wp-image-16128\" srcset=\"http:\/\/875jahrekirchgoens.de\/wp-content\/uploads\/2025\/01\/2024-12-28.12.24-Gruppenbild-1024x576.jpeg 1024w, http:\/\/875jahrekirchgoens.de\/wp-content\/uploads\/2025\/01\/2024-12-28.12.24-Gruppenbild-300x169.jpeg 300w, http:\/\/875jahrekirchgoens.de\/wp-content\/uploads\/2025\/01\/2024-12-28.12.24-Gruppenbild-768x432.jpeg 768w, http:\/\/875jahrekirchgoens.de\/wp-content\/uploads\/2025\/01\/2024-12-28.12.24-Gruppenbild-1536x864.jpeg 1536w, http:\/\/875jahrekirchgoens.de\/wp-content\/uploads\/2025\/01\/2024-12-28.12.24-Gruppenbild.jpeg 1600w\" sizes=\"auto, (max-width: 1024px) 100vw, 1024px\" \/><\/figure>\n","protected":false},"excerpt":{"rendered":"<p>Grenzmarsch in der Gemarkung (Mz.) Am Samstag, 28. Dezember, wanderte Kirch-G\u00f6ns in das Jubil\u00e4umsjahr zum 875j\u00e4hrigen Bestehen. Die Interessengemeinschaft der Kirch-G\u00f6nser Vereine und Gruppierungen hatte zu einem \u201eGrenzmarsch\u201c mit anschlie\u00dfendem Abschluss in der Gastst\u00e4tte \u201eZum G\u00f6nser St\u00f6ffche\u201c bei Andr\u00e9 F. und Nicole Cannon eingeladen. Um 15.00 Uhr traf man sich am Feuerwehrger\u00e4tehaus in Kirch-G\u00f6ns und &#8230; <a title=\"Kirch-G\u00f6ns wanderte mit Jung und Alt ins Jubil\u00e4umsjahr\" class=\"read-more\" href=\"http:\/\/875jahrekirchgoens.de\/?p=16127\" aria-label=\"Mehr Informationen \u00fcber Kirch-G\u00f6ns wanderte mit Jung und Alt ins Jubil\u00e4umsjahr\">Weiterlesen<\/a><\/p>\n","protected":false},"author":1,"featured_media":0,"comment_status":"closed","ping_status":"open","sticky":false,"template":"","format":"standard","meta":{"footnotes":""},"categories":[1],"tags":[],"class_list":["post-16127","post","type-post","status-publish","format-standard","hentry","category-infos"],"_links":{"self":[{"href":"http:\/\/875jahrekirchgoens.de\/index.php?rest_route=\/wp\/v2\/posts\/16127","targetHints":{"allow":["GET"]}}],"collection":[{"href":"http:\/\/875jahrekirchgoens.de\/index.php?rest_route=\/wp\/v2\/posts"}],"about":[{"href":"http:\/\/875jahrekirchgoens.de\/index.php?rest_route=\/wp\/v2\/types\/post"}],"author":[{"embeddable":true,"href":"http:\/\/875jahrekirchgoens.de\/index.php?rest_route=\/wp\/v2\/users\/1"}],"replies":[{"embeddable":true,"href":"http:\/\/875jahrekirchgoens.de\/index.php?rest_route=%2Fwp%2Fv2%2Fcomments&post=16127"}],"version-history":[{"count":1,"href":"http:\/\/875jahrekirchgoens.de\/index.php?rest_route=\/wp\/v2\/posts\/16127\/revisions"}],"predecessor-version":[{"id":16129,"href":"http:\/\/875jahrekirchgoens.de\/index.php?rest_route=\/wp\/v2\/posts\/16127\/revisions\/16129"}],"wp:attachment":[{"href":"http:\/\/875jahrekirchgoens.de\/index.php?rest_route=%2Fwp%2Fv2%2Fmedia&parent=16127"}],"wp:term":[{"taxonomy":"category","embeddable":true,"href":"http:\/\/875jahrekirchgoens.de\/index.php?rest_route=%2Fwp%2Fv2%2Fcategories&post=16127"},{"taxonomy":"post_tag","embeddable":true,"href":"http:\/\/875jahrekirchgoens.de\/index.php?rest_route=%2Fwp%2Fv2%2Ftags&post=16127"}],"curies":[{"name":"wp","href":"https:\/\/api.w.org\/{rel}","templated":true}]}}