{"id":16147,"date":"2025-01-08T09:47:24","date_gmt":"2025-01-08T09:47:24","guid":{"rendered":"http:\/\/875jahrekirchgoens.de\/?p=16147"},"modified":"2025-01-14T09:56:15","modified_gmt":"2025-01-14T09:56:15","slug":"rauchi-zeigt-wie-es-geht","status":"publish","type":"post","link":"http:\/\/875jahrekirchgoens.de\/?p=16147","title":{"rendered":"\u00bbRauchi\u00ab zeigt, wie es geht"},"content":{"rendered":"\n<p><em>Butzbach (pm\/thg). Vorbeugung und Nachwuchsgewinnung kombiniert die Feuerwehr Kirch-G\u00f6ns auf moderne Weise. Sie verf\u00fcgt \u00fcber ein \u00bbBrandschutzmobil\u00ab, mit dem Wissen rund um Feuer und Feuerwehr vermittelt wird. Als Hauptakteur darf dabei der erfahrene Feuerwehrmann Dieter Nicolai gelten, der schon in<\/em> <em>zahlreichen Veranstaltungen Besucher zum Staunen brachte, wenn er die Wucht einer Fettexplosion demonstrierte.<\/em><\/p>\n\n\n\n<p>Damit Menschen m\u00f6glichst von solchen Gefahren verschont bleiben, ist das als Anh\u00e4nger konzipierte Brandschutzmobil nicht nur in Kirch-G\u00f6ns im Einsatz. \u00bbEs steht f\u00fcr alle zur Verf\u00fcgung, die Interesse daran haben\u00ab, unterstreicht Nicolai. Es ist an den verschiedenen Standorten ebenso einsatzbereit wie beispielsweise an Kitas oder Schulen.<\/p>\n\n\n\n<p>Feuerwehr-Pressesprecherin Andrea Bergens berichtet, dass das Mobil bereits seit Sommer im Dienst ist. Im laufenden Jahr soll es nun vermehrt genutzt werden. Bislang h\u00e4tten die Kinder- und Jugendfeuerwehren noch ihre festgelegten Dienstpl\u00e4ne gehabt. Bislang sei es auch noch nicht ausgeliehen worden, auch das soll sich in diesem Jahr \u00e4ndern.<\/p>\n\n\n\n<p>Der soziale Dienstleister Pro Humanis aus Dortmund war an den Kirch-G\u00f6nser Feuerwehrverein herangetreten und hat das Brandschutzmobil laut eigener Pressemitteilung als \u00bbkreatives Humansponsoring-Produkt\u00ab angeboten. Wie Wehrf\u00fchrer J\u00f6rg Winter in einem Film der Organisation, in der das Projekt vorgestellt wird, sagt, seien die Brandsch\u00fctzer interessiert gewesen. Der Vorstand habe sich mit dem Thema befasst und dann beschlossen, den Anh\u00e4nger zu nutzen. Der Wehrf\u00fchrer wies darauf hin, dass die Nachwuchswerbung und die Au\u00dfenwerbung der Feuerwehr damit gest\u00e4rkt werden sollen.<\/p>\n\n\n\n<p><strong>Dank an Sponsoren<\/strong><\/p>\n\n\n\n<p>Winter hob den darauf folgenden reibungslosen Ablauf mit Pro Humanis hervor. Die Anschaffung des Brandschutzmobils wurde dank Sponsoren m\u00f6glich, die die Feuerwehr stark unterst\u00fctzt h\u00e4tten. Daf\u00fcr bedankte sich Winter. Auch f\u00fcr zuk\u00fcnftige Projekte seien die Sponsoren als verl\u00e4ssliche Partner ansprechbar.<\/p>\n\n\n\n<p><\/p>\n\n\n\n<p>Viele Freiwillige Feuerwehren stehen laut Pro Humanis vor einer gro\u00dfen Herausforderung: Der Nachwuchs fehle. Um das Interesse der j\u00fcngeren Generation an der Feuerwehr zu wecken und zu f\u00f6rdern, setze der Feuerwehrverein Kirch-G\u00f6ns auf Trainings- und Demonstrationsmaterialen, die im eigens entwickelten Brandschutzmobil kostenfrei zur Verf\u00fcgung gestellt werden.<\/p>\n\n\n\n<p><strong>Zukunftssicherung des Brandschutzes<\/strong><\/p>\n\n\n\n<p>Eine imagewirksame Pr\u00e4sentation nach innen und au\u00dfen sei in Au\u00dfendarstellung und Nachwuchswerbung zur Zukunftssicherung unverzichtbar. Dank der Unterst\u00fctzung des sozialen Dienstleisters, der das Brandschutzmobil im Rahmen seines Humansponsorings bereitgestellt habe, k\u00f6nnten Schulungen, \u00dcbungen und Vereinsveranstaltungen effektiver ausgerichtet werden. Ausgestattet mit einem Brandsimulator, Lernen, sondern mache Brandschutz auch f\u00fcr Kinder und junge Menschen greifbar. Pro Humanis nutze die jahrelange Erfahrung mit freiwilligen Feuerwehren, um die Produktpalette weiterzuentwickeln und aktuelle Herausforderungen zu unterst\u00fctzen.<\/p>\n\n\n\n<p>Das Brandschutzmobil sei mit seiner Ausstattung nicht nur eine innovative L\u00f6sung f\u00fcr das Brandschutztraining, sondern st\u00e4rke auch das Bewusstsein f\u00fcr Brandschutz in der Gesellschaft und begeistere den Nachwuchs. Mit an Bord des Brandschutzmobils sei \u00bbRauchi\u00ab, der L\u00f6schzwerg. Dieser kreative Ansatz motiviere die Kinder und sorge f\u00fcr Spa\u00df beim Lernen. Der Spa\u00df, das Lernen und das Gemeinschaftsgef\u00fchl st\u00fcnden im Vordergrund.<\/p>\n\n\n\n<p>Durch Elemente wie Ausbildungskoffer oder das Rauchhaus lasse sich die Begeisterung f\u00fcr die Feuerwehr leichter wecken. Zur emotionalen Bindung an die Freiwillige Feuerwehr z\u00e4hlten in Kirch-G\u00f6ns genau wie bei vielen anderen Vereinen zahlreiche gemeinsame und \u00f6ffentlichkeitswirksame Aktivit\u00e4ten, so Pro Humanis.<\/p>\n\n\n\n<p><strong>INFO: Pro Humanis<\/strong><\/p>\n\n\n\n<p>Pro Humanis unterst\u00fctzt mit seinem \u00bbHumansponsoring-Modell\u00ab deutschlandweit Einrichtungen aus den Bereichen Tierschutz, Gesundheit, Soziales, Menschen mit Behinderungen sowie Tafeln. Diese Einrichtungen erhalten Fahrzeuge, Anh\u00e4nger, Info-Terminals und Erste-Hilfe-Ausr\u00fcstungen frei von Anschaffungskosten. Die Pro Humanis Humansponsoring GmbH wendet sich aktiv an kleine und mittelst\u00e4ndische Unternehmen, um sie als regionale Sponsoren zu gewinnen. Die Betriebe erhalten im<\/p>\n\n\n\n<p>Gegenzug attraktive Werbefl\u00e4chen auf den gesponserten Produkten, die von den Einrichtungen f\u00fcr ihre wichtige Arbeit genutzt werden. Die Einrichtungen profitieren von dringend ben\u00f6tigten Arbeitsmitteln, w\u00e4hrend Firmen durch ihr Engagement ihre lokale Pr\u00e4senz und ihr Ansehen in der Gemeinschaft st\u00e4rken. So f\u00f6rdere Pro Humanis soziale Projekte und regionale Partnerschaften. Pm<\/p>\n\n\n\n<figure class=\"wp-block-gallery has-nested-images columns-default is-cropped wp-block-gallery-1 is-layout-flex wp-block-gallery-is-layout-flex\">\n<figure class=\"wp-block-image size-large\"><img loading=\"lazy\" decoding=\"async\" width=\"992\" height=\"558\" data-id=\"16149\" src=\"http:\/\/875jahrekirchgoens.de\/wp-content\/uploads\/2025\/01\/Rauchi1.jpg\" alt=\"\" class=\"wp-image-16149\" srcset=\"http:\/\/875jahrekirchgoens.de\/wp-content\/uploads\/2025\/01\/Rauchi1.jpg 992w, http:\/\/875jahrekirchgoens.de\/wp-content\/uploads\/2025\/01\/Rauchi1-300x169.jpg 300w, http:\/\/875jahrekirchgoens.de\/wp-content\/uploads\/2025\/01\/Rauchi1-768x432.jpg 768w\" sizes=\"auto, (max-width: 992px) 100vw, 992px\" \/><figcaption class=\"wp-element-caption\">Das Kirch-G\u00f6nser Brandschutzmobil steht den Butzbacher Wehren f\u00fcr die Nachwuchsarbeit zur Verf\u00fcgung. \u00a9 pv<\/figcaption><\/figure>\n\n\n\n<figure class=\"wp-block-image size-large\"><img loading=\"lazy\" decoding=\"async\" width=\"1001\" height=\"563\" data-id=\"16148\" src=\"http:\/\/875jahrekirchgoens.de\/wp-content\/uploads\/2025\/01\/Rauchi.jpg\" alt=\"\" class=\"wp-image-16148\" srcset=\"http:\/\/875jahrekirchgoens.de\/wp-content\/uploads\/2025\/01\/Rauchi.jpg 1001w, http:\/\/875jahrekirchgoens.de\/wp-content\/uploads\/2025\/01\/Rauchi-300x169.jpg 300w, http:\/\/875jahrekirchgoens.de\/wp-content\/uploads\/2025\/01\/Rauchi-768x432.jpg 768w\" sizes=\"auto, (max-width: 1001px) 100vw, 1001px\" \/><figcaption class=\"wp-element-caption\">Dieter Nicolai ist erfahrener Feuerwehrmann und seit vielen Jahren im vorbeugenden Brandschutz aktiv \u00a9pv<\/figcaption><\/figure>\n<\/figure>\n\n\n\n<p><br>\u00a0<\/p>\n","protected":false},"excerpt":{"rendered":"<p>Butzbach (pm\/thg). Vorbeugung und Nachwuchsgewinnung kombiniert die Feuerwehr Kirch-G\u00f6ns auf moderne Weise. Sie verf\u00fcgt \u00fcber ein \u00bbBrandschutzmobil\u00ab, mit dem Wissen rund um Feuer und Feuerwehr vermittelt wird. Als Hauptakteur darf dabei der erfahrene Feuerwehrmann Dieter Nicolai gelten, der schon in zahlreichen Veranstaltungen Besucher zum Staunen brachte, wenn er die Wucht einer Fettexplosion demonstrierte. Damit Menschen &#8230; <a title=\"\u00bbRauchi\u00ab zeigt, wie es geht\" class=\"read-more\" href=\"http:\/\/875jahrekirchgoens.de\/?p=16147\" aria-label=\"Mehr Informationen \u00fcber \u00bbRauchi\u00ab zeigt, wie es geht\">Weiterlesen<\/a><\/p>\n","protected":false},"author":1,"featured_media":0,"comment_status":"closed","ping_status":"open","sticky":false,"template":"","format":"standard","meta":{"footnotes":""},"categories":[1],"tags":[],"class_list":["post-16147","post","type-post","status-publish","format-standard","hentry","category-infos"],"_links":{"self":[{"href":"http:\/\/875jahrekirchgoens.de\/index.php?rest_route=\/wp\/v2\/posts\/16147","targetHints":{"allow":["GET"]}}],"collection":[{"href":"http:\/\/875jahrekirchgoens.de\/index.php?rest_route=\/wp\/v2\/posts"}],"about":[{"href":"http:\/\/875jahrekirchgoens.de\/index.php?rest_route=\/wp\/v2\/types\/post"}],"author":[{"embeddable":true,"href":"http:\/\/875jahrekirchgoens.de\/index.php?rest_route=\/wp\/v2\/users\/1"}],"replies":[{"embeddable":true,"href":"http:\/\/875jahrekirchgoens.de\/index.php?rest_route=%2Fwp%2Fv2%2Fcomments&post=16147"}],"version-history":[{"count":1,"href":"http:\/\/875jahrekirchgoens.de\/index.php?rest_route=\/wp\/v2\/posts\/16147\/revisions"}],"predecessor-version":[{"id":16150,"href":"http:\/\/875jahrekirchgoens.de\/index.php?rest_route=\/wp\/v2\/posts\/16147\/revisions\/16150"}],"wp:attachment":[{"href":"http:\/\/875jahrekirchgoens.de\/index.php?rest_route=%2Fwp%2Fv2%2Fmedia&parent=16147"}],"wp:term":[{"taxonomy":"category","embeddable":true,"href":"http:\/\/875jahrekirchgoens.de\/index.php?rest_route=%2Fwp%2Fv2%2Fcategories&post=16147"},{"taxonomy":"post_tag","embeddable":true,"href":"http:\/\/875jahrekirchgoens.de\/index.php?rest_route=%2Fwp%2Fv2%2Ftags&post=16147"}],"curies":[{"name":"wp","href":"https:\/\/api.w.org\/{rel}","templated":true}]}}