{"id":16154,"date":"2025-01-07T10:07:13","date_gmt":"2025-01-07T10:07:13","guid":{"rendered":"http:\/\/875jahrekirchgoens.de\/?p=16154"},"modified":"2025-01-14T10:08:31","modified_gmt":"2025-01-14T10:08:31","slug":"es-geht-nicht-um-geschenke","status":"publish","type":"post","link":"http:\/\/875jahrekirchgoens.de\/?p=16154","title":{"rendered":"Es geht nicht um Geschenke"},"content":{"rendered":"\n<p><em>Gottesdienst der G\u00f6nser Grund-Sch\u00fcler vor den Ferien<\/em><\/p>\n\n\n\n<p>Es ist schon eine liebgewonnene Tradition, dass die gesamte G\u00f6nser-Grund-Schule (GGS) am letzten Schultag vor den Weihnachtsferien einen Weihnachtsgottesdienst feiert. Aus diesem Grund machte sich die gesamte Schulgemeinde am letzten Schultag auf den Weg zur Kirche nach Kirch-G\u00f6ns. Hier wurden die Sch\u00fclerinnen und Sch\u00fcler sowie die Lehrerinnen und Lehrer schon von Pfarrer Lieder und Frau Heinz erwartet. Der Gottesdienst startete mit dem Entz\u00fcnden des Adventskranzes und dem Lied \u201eDicke rote Kerzen\u201c. Im Anschluss \u00fcberlegte Pfarrer Lieder gemeinsam mit den Sch\u00fclern, was f\u00fcr ein Weihnachtsfest denn wirklich n\u00f6tig ist und was man \u00fcberhaupt nicht braucht. Dazu hatte er einige Gegenst\u00e4nde mitgebracht, damit die Sch\u00fcler ihm bei seiner \u00dcberlegung behilflich sein konnten. Am Ende stellten aber alle fest, das Wichtigste an Weihnachten sind: Jesus Geburt, Liebe und die Familie.<\/p>\n\n\n\n<figure class=\"wp-block-table\"><table class=\"has-fixed-layout\"><tbody><tr><td>Nach der obligatorischen Weihnachts-b\u00e4ckerei wurde noch gebetet und nach dem Abschlusssegen gingen alle Kinder mit den Lehrern wieder zur\u00fcck zur Schule. Es war ein sehr sch\u00f6ner und f\u00fcr manche auch lehrreicher Gottesdienst und manch einer, der noch nicht alle Geschenke bis dahin hatte, konnte ganz beruhigt sein, denn Geschenke seien gerade nicht das Wichtigste an Weihnachten, wie die Kinder zuvor gelernt hatten.<br><\/td><\/tr><\/tbody><\/table><figcaption class=\"wp-element-caption\">Quelle und Bild: Butzbacher Zeitung vom 7. Januar 2025<\/figcaption><\/figure>\n\n\n\n<figure class=\"wp-block-image size-full\"><img loading=\"lazy\" decoding=\"async\" width=\"241\" height=\"177\" src=\"http:\/\/875jahrekirchgoens.de\/wp-content\/uploads\/2025\/01\/Nichtnurgeschene.png\" alt=\"\" class=\"wp-image-16152\"\/><figcaption class=\"wp-element-caption\">Pfarrer David Lieder stellt dar, was das Wichtigste an Weihnachten ist.<\/figcaption><\/figure>\n","protected":false},"excerpt":{"rendered":"<p>Gottesdienst der G\u00f6nser Grund-Sch\u00fcler vor den Ferien Es ist schon eine liebgewonnene Tradition, dass die gesamte G\u00f6nser-Grund-Schule (GGS) am letzten Schultag vor den Weihnachtsferien einen Weihnachtsgottesdienst feiert. Aus diesem Grund machte sich die gesamte Schulgemeinde am letzten Schultag auf den Weg zur Kirche nach Kirch-G\u00f6ns. Hier wurden die Sch\u00fclerinnen und Sch\u00fcler sowie die Lehrerinnen und &#8230; <a title=\"Es geht nicht um Geschenke\" class=\"read-more\" href=\"http:\/\/875jahrekirchgoens.de\/?p=16154\" aria-label=\"Mehr Informationen \u00fcber Es geht nicht um Geschenke\">Weiterlesen<\/a><\/p>\n","protected":false},"author":1,"featured_media":0,"comment_status":"closed","ping_status":"open","sticky":false,"template":"","format":"standard","meta":{"footnotes":""},"categories":[1],"tags":[],"class_list":["post-16154","post","type-post","status-publish","format-standard","hentry","category-infos"],"_links":{"self":[{"href":"http:\/\/875jahrekirchgoens.de\/index.php?rest_route=\/wp\/v2\/posts\/16154","targetHints":{"allow":["GET"]}}],"collection":[{"href":"http:\/\/875jahrekirchgoens.de\/index.php?rest_route=\/wp\/v2\/posts"}],"about":[{"href":"http:\/\/875jahrekirchgoens.de\/index.php?rest_route=\/wp\/v2\/types\/post"}],"author":[{"embeddable":true,"href":"http:\/\/875jahrekirchgoens.de\/index.php?rest_route=\/wp\/v2\/users\/1"}],"replies":[{"embeddable":true,"href":"http:\/\/875jahrekirchgoens.de\/index.php?rest_route=%2Fwp%2Fv2%2Fcomments&post=16154"}],"version-history":[{"count":1,"href":"http:\/\/875jahrekirchgoens.de\/index.php?rest_route=\/wp\/v2\/posts\/16154\/revisions"}],"predecessor-version":[{"id":16155,"href":"http:\/\/875jahrekirchgoens.de\/index.php?rest_route=\/wp\/v2\/posts\/16154\/revisions\/16155"}],"wp:attachment":[{"href":"http:\/\/875jahrekirchgoens.de\/index.php?rest_route=%2Fwp%2Fv2%2Fmedia&parent=16154"}],"wp:term":[{"taxonomy":"category","embeddable":true,"href":"http:\/\/875jahrekirchgoens.de\/index.php?rest_route=%2Fwp%2Fv2%2Fcategories&post=16154"},{"taxonomy":"post_tag","embeddable":true,"href":"http:\/\/875jahrekirchgoens.de\/index.php?rest_route=%2Fwp%2Fv2%2Ftags&post=16154"}],"curies":[{"name":"wp","href":"https:\/\/api.w.org\/{rel}","templated":true}]}}