{"id":16161,"date":"2024-12-31T10:22:31","date_gmt":"2024-12-31T10:22:31","guid":{"rendered":"http:\/\/875jahrekirchgoens.de\/?p=16161"},"modified":"2025-01-14T10:23:14","modified_gmt":"2025-01-14T10:23:14","slug":"traktor-geklaut-und-wieder-aufgetaucht","status":"publish","type":"post","link":"http:\/\/875jahrekirchgoens.de\/?p=16161","title":{"rendered":"Traktor geklaut und wieder aufgetaucht"},"content":{"rendered":"\n<p>Zwischen Freitagabend, 27. Dezember, und Samstagmorgen, 28. Dezember, sind Unbekannte in der Niederkleener Stra\u00dfe in Kirch-G\u00f6ns eingebrochen und haben einen gr\u00fcnen Traktor der Marke John Deere entwendet, berichtet die Polizei. Am Samstagnachmittag wurde das Fahrzeug auf einem Feldweg der Verl\u00e4ngerung der Pohlg\u00f6nser Stra\u00dfe in Butzbach wieder aufgefunden. Die Polizei sucht Zeugen, die den Traktor \u2013 oder Personen in dessen N\u00e4he \u2013 in der genannten Zeit gesehen haben. Hinweise an die Polizei Butzbach.<\/p>\n\n\n\n<p>Quelle: Butzbacher Zeitung vom 31. Dezember 2024<\/p>\n","protected":false},"excerpt":{"rendered":"<p>Zwischen Freitagabend, 27. Dezember, und Samstagmorgen, 28. Dezember, sind Unbekannte in der Niederkleener Stra\u00dfe in Kirch-G\u00f6ns eingebrochen und haben einen gr\u00fcnen Traktor der Marke John Deere entwendet, berichtet die Polizei. Am Samstagnachmittag wurde das Fahrzeug auf einem Feldweg der Verl\u00e4ngerung der Pohlg\u00f6nser Stra\u00dfe in Butzbach wieder aufgefunden. Die Polizei sucht Zeugen, die den Traktor \u2013 &#8230; <a title=\"Traktor geklaut und wieder aufgetaucht\" class=\"read-more\" href=\"http:\/\/875jahrekirchgoens.de\/?p=16161\" aria-label=\"Mehr Informationen \u00fcber Traktor geklaut und wieder aufgetaucht\">Weiterlesen<\/a><\/p>\n","protected":false},"author":1,"featured_media":0,"comment_status":"closed","ping_status":"open","sticky":false,"template":"","format":"standard","meta":{"footnotes":""},"categories":[1],"tags":[],"class_list":["post-16161","post","type-post","status-publish","format-standard","hentry","category-infos"],"_links":{"self":[{"href":"http:\/\/875jahrekirchgoens.de\/index.php?rest_route=\/wp\/v2\/posts\/16161","targetHints":{"allow":["GET"]}}],"collection":[{"href":"http:\/\/875jahrekirchgoens.de\/index.php?rest_route=\/wp\/v2\/posts"}],"about":[{"href":"http:\/\/875jahrekirchgoens.de\/index.php?rest_route=\/wp\/v2\/types\/post"}],"author":[{"embeddable":true,"href":"http:\/\/875jahrekirchgoens.de\/index.php?rest_route=\/wp\/v2\/users\/1"}],"replies":[{"embeddable":true,"href":"http:\/\/875jahrekirchgoens.de\/index.php?rest_route=%2Fwp%2Fv2%2Fcomments&post=16161"}],"version-history":[{"count":1,"href":"http:\/\/875jahrekirchgoens.de\/index.php?rest_route=\/wp\/v2\/posts\/16161\/revisions"}],"predecessor-version":[{"id":16162,"href":"http:\/\/875jahrekirchgoens.de\/index.php?rest_route=\/wp\/v2\/posts\/16161\/revisions\/16162"}],"wp:attachment":[{"href":"http:\/\/875jahrekirchgoens.de\/index.php?rest_route=%2Fwp%2Fv2%2Fmedia&parent=16161"}],"wp:term":[{"taxonomy":"category","embeddable":true,"href":"http:\/\/875jahrekirchgoens.de\/index.php?rest_route=%2Fwp%2Fv2%2Fcategories&post=16161"},{"taxonomy":"post_tag","embeddable":true,"href":"http:\/\/875jahrekirchgoens.de\/index.php?rest_route=%2Fwp%2Fv2%2Ftags&post=16161"}],"curies":[{"name":"wp","href":"https:\/\/api.w.org\/{rel}","templated":true}]}}