{"id":16165,"date":"2024-12-30T10:24:33","date_gmt":"2024-12-30T10:24:33","guid":{"rendered":"http:\/\/875jahrekirchgoens.de\/?p=16165"},"modified":"2025-01-14T10:25:26","modified_gmt":"2025-01-14T10:25:26","slug":"anmeldung-zum-mittagstisch-3","status":"publish","type":"post","link":"http:\/\/875jahrekirchgoens.de\/?p=16165","title":{"rendered":"Anmeldung zum Mittagstisch"},"content":{"rendered":"\n<p>Am Mittwoch, 8. Januar, l\u00e4dt das MiMit-Team zum ersten Miteinander-Mittagstisch im neuen Jahr ins B\u00fcrgerhaus Kirch-G\u00f6ns ein. Die R\u00e4umlichkeiten \u00f6ffnen ab 11.30 Uhr, das Essen wird gegen 12.30 Uhr serviert. Auf dem Speiseplan stehen selbstgemachte K\u00fcrbis-Nudeln mit Garnelen, Tofu-W\u00fcrfeln, getrockneten Tomaten, Salbei und Walln\u00fcssen. Anmeldungen sind noch bis Donnerstag, 2. Januar, \u00fcber das Gemeindeb\u00fcro m\u00f6glich (Tel.: 06033-60941) und E-Mail.: gemeindebuero.evkpg.de). Au\u00dferhalb der B\u00fcrozeiten kann auch der Anrufbeantworter genutzt werden. Bitte Namen und die Anzahl der Essensbestellungen nennen. F\u00fcr Essensabholungen oder -mitnahmen werden Beh\u00e4ltnisse ben\u00f6tigt. Bei kurzfristiger Verhinderung wird gebeten, das Essen abholen zu lassen.<\/p>\n\n\n\n<p>Quelle: Butzbacher Zeitung vom 30. Dezember 2024<\/p>\n","protected":false},"excerpt":{"rendered":"<p>Am Mittwoch, 8. Januar, l\u00e4dt das MiMit-Team zum ersten Miteinander-Mittagstisch im neuen Jahr ins B\u00fcrgerhaus Kirch-G\u00f6ns ein. Die R\u00e4umlichkeiten \u00f6ffnen ab 11.30 Uhr, das Essen wird gegen 12.30 Uhr serviert. Auf dem Speiseplan stehen selbstgemachte K\u00fcrbis-Nudeln mit Garnelen, Tofu-W\u00fcrfeln, getrockneten Tomaten, Salbei und Walln\u00fcssen. Anmeldungen sind noch bis Donnerstag, 2. Januar, \u00fcber das Gemeindeb\u00fcro m\u00f6glich &#8230; <a title=\"Anmeldung zum Mittagstisch\" class=\"read-more\" href=\"http:\/\/875jahrekirchgoens.de\/?p=16165\" aria-label=\"Mehr Informationen \u00fcber Anmeldung zum Mittagstisch\">Weiterlesen<\/a><\/p>\n","protected":false},"author":1,"featured_media":0,"comment_status":"closed","ping_status":"open","sticky":false,"template":"","format":"standard","meta":{"footnotes":""},"categories":[1],"tags":[],"class_list":["post-16165","post","type-post","status-publish","format-standard","hentry","category-infos"],"_links":{"self":[{"href":"http:\/\/875jahrekirchgoens.de\/index.php?rest_route=\/wp\/v2\/posts\/16165","targetHints":{"allow":["GET"]}}],"collection":[{"href":"http:\/\/875jahrekirchgoens.de\/index.php?rest_route=\/wp\/v2\/posts"}],"about":[{"href":"http:\/\/875jahrekirchgoens.de\/index.php?rest_route=\/wp\/v2\/types\/post"}],"author":[{"embeddable":true,"href":"http:\/\/875jahrekirchgoens.de\/index.php?rest_route=\/wp\/v2\/users\/1"}],"replies":[{"embeddable":true,"href":"http:\/\/875jahrekirchgoens.de\/index.php?rest_route=%2Fwp%2Fv2%2Fcomments&post=16165"}],"version-history":[{"count":1,"href":"http:\/\/875jahrekirchgoens.de\/index.php?rest_route=\/wp\/v2\/posts\/16165\/revisions"}],"predecessor-version":[{"id":16166,"href":"http:\/\/875jahrekirchgoens.de\/index.php?rest_route=\/wp\/v2\/posts\/16165\/revisions\/16166"}],"wp:attachment":[{"href":"http:\/\/875jahrekirchgoens.de\/index.php?rest_route=%2Fwp%2Fv2%2Fmedia&parent=16165"}],"wp:term":[{"taxonomy":"category","embeddable":true,"href":"http:\/\/875jahrekirchgoens.de\/index.php?rest_route=%2Fwp%2Fv2%2Fcategories&post=16165"},{"taxonomy":"post_tag","embeddable":true,"href":"http:\/\/875jahrekirchgoens.de\/index.php?rest_route=%2Fwp%2Fv2%2Ftags&post=16165"}],"curies":[{"name":"wp","href":"https:\/\/api.w.org\/{rel}","templated":true}]}}