{"id":16205,"date":"1988-06-30T13:22:00","date_gmt":"1988-06-30T13:22:00","guid":{"rendered":"http:\/\/875jahrekirchgoens.de\/?p=16205"},"modified":"2025-01-14T13:30:39","modified_gmt":"2025-01-14T13:30:39","slug":"spielmannszug-nachwuchs-im-zeltlager","status":"publish","type":"post","link":"http:\/\/875jahrekirchgoens.de\/?p=16205","title":{"rendered":"Spielmannszug-Nachwuchs im Zeltlager"},"content":{"rendered":"\n<p>Gro\u00dfen Spa\u00df an einem kleinen Zeltlager hatte am Wochenende der Kirch-G\u00f6nser Spielmannszug-Nachwuchs. Die im Fr\u00fchjahr neugegr\u00fcndete Anf\u00e4ngerabteilung bezog dabei ihr Quartier in einem Gartengrundst\u00fcck hinter der Pfeifergasse.<\/p>\n\n\n\n<p>Quelle und Bild: Butzbacher Zeitung 30. Juni 1988<\/p>\n\n\n\n<figure class=\"wp-block-image size-full\"><img loading=\"lazy\" decoding=\"async\" width=\"397\" height=\"284\" src=\"http:\/\/875jahrekirchgoens.de\/wp-content\/uploads\/2025\/01\/Zeltlager.png\" alt=\"\" class=\"wp-image-16206\" srcset=\"http:\/\/875jahrekirchgoens.de\/wp-content\/uploads\/2025\/01\/Zeltlager.png 397w, http:\/\/875jahrekirchgoens.de\/wp-content\/uploads\/2025\/01\/Zeltlager-300x215.png 300w\" sizes=\"auto, (max-width: 397px) 100vw, 397px\" \/><\/figure>\n","protected":false},"excerpt":{"rendered":"<p>Gro\u00dfen Spa\u00df an einem kleinen Zeltlager hatte am Wochenende der Kirch-G\u00f6nser Spielmannszug-Nachwuchs. Die im Fr\u00fchjahr neugegr\u00fcndete Anf\u00e4ngerabteilung bezog dabei ihr Quartier in einem Gartengrundst\u00fcck hinter der Pfeifergasse. Quelle und Bild: Butzbacher Zeitung 30. Juni 1988<\/p>\n","protected":false},"author":1,"featured_media":0,"comment_status":"closed","ping_status":"open","sticky":false,"template":"","format":"standard","meta":{"footnotes":""},"categories":[1],"tags":[],"class_list":["post-16205","post","type-post","status-publish","format-standard","hentry","category-infos"],"_links":{"self":[{"href":"http:\/\/875jahrekirchgoens.de\/index.php?rest_route=\/wp\/v2\/posts\/16205","targetHints":{"allow":["GET"]}}],"collection":[{"href":"http:\/\/875jahrekirchgoens.de\/index.php?rest_route=\/wp\/v2\/posts"}],"about":[{"href":"http:\/\/875jahrekirchgoens.de\/index.php?rest_route=\/wp\/v2\/types\/post"}],"author":[{"embeddable":true,"href":"http:\/\/875jahrekirchgoens.de\/index.php?rest_route=\/wp\/v2\/users\/1"}],"replies":[{"embeddable":true,"href":"http:\/\/875jahrekirchgoens.de\/index.php?rest_route=%2Fwp%2Fv2%2Fcomments&post=16205"}],"version-history":[{"count":1,"href":"http:\/\/875jahrekirchgoens.de\/index.php?rest_route=\/wp\/v2\/posts\/16205\/revisions"}],"predecessor-version":[{"id":16207,"href":"http:\/\/875jahrekirchgoens.de\/index.php?rest_route=\/wp\/v2\/posts\/16205\/revisions\/16207"}],"wp:attachment":[{"href":"http:\/\/875jahrekirchgoens.de\/index.php?rest_route=%2Fwp%2Fv2%2Fmedia&parent=16205"}],"wp:term":[{"taxonomy":"category","embeddable":true,"href":"http:\/\/875jahrekirchgoens.de\/index.php?rest_route=%2Fwp%2Fv2%2Fcategories&post=16205"},{"taxonomy":"post_tag","embeddable":true,"href":"http:\/\/875jahrekirchgoens.de\/index.php?rest_route=%2Fwp%2Fv2%2Ftags&post=16205"}],"curies":[{"name":"wp","href":"https:\/\/api.w.org\/{rel}","templated":true}]}}