{"id":16208,"date":"1989-05-24T13:31:00","date_gmt":"1989-05-24T13:31:00","guid":{"rendered":"http:\/\/875jahrekirchgoens.de\/?p=16208"},"modified":"2025-01-14T13:33:58","modified_gmt":"2025-01-14T13:33:58","slug":"sfz-waldfest-begann-mit-gottesdienst","status":"publish","type":"post","link":"http:\/\/875jahrekirchgoens.de\/?p=16208","title":{"rendered":"SFZ-Waldfest begann mit Gottesdienst"},"content":{"rendered":"\n<p>Mit einem \u00f6kumenischen Gottesdienst, den die beiden Pfarrer Werner Ruhl und Wolfram Bl\u00f6dorn gemeinsam abhielten, begann am Sonntag das Waldfest des Kirch-G\u00f6nser Spielmanns- und Fanfarenzuges. An dem Gottesdienst war auch der ev. Posaunenchor aus Gambach beteiligt. Nach einem deftigen Eintopf, den die Bundeswehr in Wetzlar zubereitet hatte, vergn\u00fcgten sich die zahlreichen Besucher des Waldfestes bei Unterhaltung und Geschicklichkeitsspielen f\u00fcr jung und alt. Mit einem St\u00e4ndchen erfreute gegen 15 Uhr der Pohl-G\u00f6nser Spielmannszug. Begehrt waren neben Speis und Trank noch ein Wurfpfeilspiel und einer Verlosung, bei denen es Geldpreise und zwei Bahnfahrten 1. Klasse von 1000 Km L\u00e4nge zu gewinnen gab. Die gl\u00fccklichen Sieger hie\u00dfen bei den Bahnfahrten Heidrun Daniel und Klaus-Peter Maiwald.<\/p>\n\n\n\n<p>Quelle und Bilder: Butzbacher Zeitung vom 24. Mai 1989<br>Bilder: Archiv SFZ Kirch-G\u00f6ns<\/p>\n\n\n\n<figure class=\"wp-block-image size-full\"><img loading=\"lazy\" decoding=\"async\" width=\"1021\" height=\"774\" src=\"http:\/\/875jahrekirchgoens.de\/wp-content\/uploads\/2025\/01\/SFZ-Waldfest-1.png\" alt=\"\" class=\"wp-image-16210\" srcset=\"http:\/\/875jahrekirchgoens.de\/wp-content\/uploads\/2025\/01\/SFZ-Waldfest-1.png 1021w, http:\/\/875jahrekirchgoens.de\/wp-content\/uploads\/2025\/01\/SFZ-Waldfest-1-300x227.png 300w, http:\/\/875jahrekirchgoens.de\/wp-content\/uploads\/2025\/01\/SFZ-Waldfest-1-768x582.png 768w\" sizes=\"auto, (max-width: 1021px) 100vw, 1021px\" \/><\/figure>\n","protected":false},"excerpt":{"rendered":"<p>Mit einem \u00f6kumenischen Gottesdienst, den die beiden Pfarrer Werner Ruhl und Wolfram Bl\u00f6dorn gemeinsam abhielten, begann am Sonntag das Waldfest des Kirch-G\u00f6nser Spielmanns- und Fanfarenzuges. An dem Gottesdienst war auch der ev. Posaunenchor aus Gambach beteiligt. Nach einem deftigen Eintopf, den die Bundeswehr in Wetzlar zubereitet hatte, vergn\u00fcgten sich die zahlreichen Besucher des Waldfestes bei &#8230; <a title=\"SFZ-Waldfest begann mit Gottesdienst\" class=\"read-more\" href=\"http:\/\/875jahrekirchgoens.de\/?p=16208\" aria-label=\"Mehr Informationen \u00fcber SFZ-Waldfest begann mit Gottesdienst\">Weiterlesen<\/a><\/p>\n","protected":false},"author":1,"featured_media":0,"comment_status":"closed","ping_status":"open","sticky":false,"template":"","format":"standard","meta":{"footnotes":""},"categories":[1],"tags":[],"class_list":["post-16208","post","type-post","status-publish","format-standard","hentry","category-infos"],"_links":{"self":[{"href":"http:\/\/875jahrekirchgoens.de\/index.php?rest_route=\/wp\/v2\/posts\/16208","targetHints":{"allow":["GET"]}}],"collection":[{"href":"http:\/\/875jahrekirchgoens.de\/index.php?rest_route=\/wp\/v2\/posts"}],"about":[{"href":"http:\/\/875jahrekirchgoens.de\/index.php?rest_route=\/wp\/v2\/types\/post"}],"author":[{"embeddable":true,"href":"http:\/\/875jahrekirchgoens.de\/index.php?rest_route=\/wp\/v2\/users\/1"}],"replies":[{"embeddable":true,"href":"http:\/\/875jahrekirchgoens.de\/index.php?rest_route=%2Fwp%2Fv2%2Fcomments&post=16208"}],"version-history":[{"count":1,"href":"http:\/\/875jahrekirchgoens.de\/index.php?rest_route=\/wp\/v2\/posts\/16208\/revisions"}],"predecessor-version":[{"id":16211,"href":"http:\/\/875jahrekirchgoens.de\/index.php?rest_route=\/wp\/v2\/posts\/16208\/revisions\/16211"}],"wp:attachment":[{"href":"http:\/\/875jahrekirchgoens.de\/index.php?rest_route=%2Fwp%2Fv2%2Fmedia&parent=16208"}],"wp:term":[{"taxonomy":"category","embeddable":true,"href":"http:\/\/875jahrekirchgoens.de\/index.php?rest_route=%2Fwp%2Fv2%2Fcategories&post=16208"},{"taxonomy":"post_tag","embeddable":true,"href":"http:\/\/875jahrekirchgoens.de\/index.php?rest_route=%2Fwp%2Fv2%2Ftags&post=16208"}],"curies":[{"name":"wp","href":"https:\/\/api.w.org\/{rel}","templated":true}]}}