{"id":16216,"date":"2025-01-28T10:12:00","date_gmt":"2025-01-28T10:12:00","guid":{"rendered":"http:\/\/875jahrekirchgoens.de\/?p=16216"},"modified":"2025-01-31T10:12:44","modified_gmt":"2025-01-31T10:12:44","slug":"diebestour-in-kirch-goens","status":"publish","type":"post","link":"http:\/\/875jahrekirchgoens.de\/?p=16216","title":{"rendered":"Diebestour in Kirch-G\u00f6ns"},"content":{"rendered":"\n<p><em>Polizei sucht zwei M\u00e4nner<\/em><\/p>\n\n\n\n<p>In der Nacht auf Samstag, 25. Januar, kam es in Kirch-G\u00f6ns zu mehreren Diebst\u00e4hlen und Einbruchsversuchen an Autos, berichtet die Polizei. Betroffen waren geparkte Fahrzeuge in den Stra\u00dfen \u201eAm Berg\u201c, \u201eIn der Schmalbach\u201c, der Bahnhofstra\u00dfe, Richard-Hanack-Stra\u00dfe, Limesstra\u00dfe und Schneidwaldstra\u00dfe. Zwischen 2 und 4 Uhr machten sich zwei M\u00e4nner an insgesamt neun Fahrzeugen zu schaffen. Die T\u00e4ter gelangen teilweise ohne Besch\u00e4digung in die Fahrzeuge, in zwei F\u00e4llen schlugen sie Fensterscheiben ein. Ihre Beute bestand aus einem Portemonnaie mit Bargeld und Ausweisen, M\u00fcnzgeld sowie einem Ladekabel. Zeugen konnten einen der mutma\u00dflichen T\u00e4ter n\u00e4her beschreiben: Er wird auf 25 bis 30 Jahre gesch\u00e4tzt, ist etwa 1,75 bis 1,80 Meter gro\u00df, hat einen hellen Teint, kurze Haare, einen Dreitagebart und eine markante Hakennase. Bekleidet war er mit einer schwarzen Jacke, einer hellen Jogginghose, hellen Sneakers und einem beigen Basecap. Der zweite T\u00e4ter wird auf 20 bis 25 Jahre alt gesch\u00e4tzt und soll 1,65 bis 1,70 Meter gro\u00df sein. Auch er hat einen helleren Teint und trug eine hellblaue Wollm\u00fctze sowie eine schwarze Jacke. Die Polizei Butzbach bittet um Hinweise zu den gesuchten M\u00e4nnern.<\/p>\n\n\n\n<p>Quelle: Butzbacher Zeitung vom 28. Januar 2025<\/p>\n","protected":false},"excerpt":{"rendered":"<p>Polizei sucht zwei M\u00e4nner In der Nacht auf Samstag, 25. Januar, kam es in Kirch-G\u00f6ns zu mehreren Diebst\u00e4hlen und Einbruchsversuchen an Autos, berichtet die Polizei. Betroffen waren geparkte Fahrzeuge in den Stra\u00dfen \u201eAm Berg\u201c, \u201eIn der Schmalbach\u201c, der Bahnhofstra\u00dfe, Richard-Hanack-Stra\u00dfe, Limesstra\u00dfe und Schneidwaldstra\u00dfe. Zwischen 2 und 4 Uhr machten sich zwei M\u00e4nner an insgesamt neun &#8230; <a title=\"Diebestour in Kirch-G\u00f6ns\" class=\"read-more\" href=\"http:\/\/875jahrekirchgoens.de\/?p=16216\" aria-label=\"Mehr Informationen \u00fcber Diebestour in Kirch-G\u00f6ns\">Weiterlesen<\/a><\/p>\n","protected":false},"author":1,"featured_media":0,"comment_status":"closed","ping_status":"open","sticky":false,"template":"","format":"standard","meta":{"footnotes":""},"categories":[1],"tags":[],"class_list":["post-16216","post","type-post","status-publish","format-standard","hentry","category-infos"],"_links":{"self":[{"href":"http:\/\/875jahrekirchgoens.de\/index.php?rest_route=\/wp\/v2\/posts\/16216","targetHints":{"allow":["GET"]}}],"collection":[{"href":"http:\/\/875jahrekirchgoens.de\/index.php?rest_route=\/wp\/v2\/posts"}],"about":[{"href":"http:\/\/875jahrekirchgoens.de\/index.php?rest_route=\/wp\/v2\/types\/post"}],"author":[{"embeddable":true,"href":"http:\/\/875jahrekirchgoens.de\/index.php?rest_route=\/wp\/v2\/users\/1"}],"replies":[{"embeddable":true,"href":"http:\/\/875jahrekirchgoens.de\/index.php?rest_route=%2Fwp%2Fv2%2Fcomments&post=16216"}],"version-history":[{"count":1,"href":"http:\/\/875jahrekirchgoens.de\/index.php?rest_route=\/wp\/v2\/posts\/16216\/revisions"}],"predecessor-version":[{"id":16217,"href":"http:\/\/875jahrekirchgoens.de\/index.php?rest_route=\/wp\/v2\/posts\/16216\/revisions\/16217"}],"wp:attachment":[{"href":"http:\/\/875jahrekirchgoens.de\/index.php?rest_route=%2Fwp%2Fv2%2Fmedia&parent=16216"}],"wp:term":[{"taxonomy":"category","embeddable":true,"href":"http:\/\/875jahrekirchgoens.de\/index.php?rest_route=%2Fwp%2Fv2%2Fcategories&post=16216"},{"taxonomy":"post_tag","embeddable":true,"href":"http:\/\/875jahrekirchgoens.de\/index.php?rest_route=%2Fwp%2Fv2%2Ftags&post=16216"}],"curies":[{"name":"wp","href":"https:\/\/api.w.org\/{rel}","templated":true}]}}