{"id":16221,"date":"2025-01-15T10:15:23","date_gmt":"2025-01-15T10:15:23","guid":{"rendered":"http:\/\/875jahrekirchgoens.de\/?p=16221"},"modified":"2025-01-31T10:16:31","modified_gmt":"2025-01-31T10:16:31","slug":"300-kilo-lebensmittel-fuer-die-tafel","status":"publish","type":"post","link":"http:\/\/875jahrekirchgoens.de\/?p=16221","title":{"rendered":"300 Kilo Lebensmittel f\u00fcr die Tafel"},"content":{"rendered":"\n<p><em>Trinkgeld-Spenden der G\u00e4ste des Miteinander-Mittgastisches<\/em><\/p>\n\n\n\n<p>\u201eWenn wir es uns selbst gut gehen lassen, wollen wir auch an die denken, denen das so vielleicht nicht m\u00f6glich ist\u201c. So rief es Martin Jung im Dezember den G\u00e4sten des Kirch-\/Pohl-G\u00f6nser Miteinander-Mittagstisch (MiMit) der evangelischen Kirchengemeinde zu. Verbunden damit war der Aufruf alle Trinkgeld-Spenden dieses opulenten, vorweihnachtlichen MiMits der Butzbacher Tafel zukommen zu lassen. Am Mittwoch fand die Spenden\u00fcbergab e statt. Wilfried Weyl von der Tafel war dazu ins B\u00fcrgerhaus Kirch-G\u00f6ns gekommen. Gut 650 berechtige Kunden werden jede Woche von den ehrenamtlichen Mitarbeitern der Butzbacher Tafel mit Lebensmittelspenden versorgt. \u201eDoch das Spendenaufkommen ist r\u00fcckl\u00e4ufig\u201c, berichtete Weyl. Er war daher erfreut und dankbar \u00fcber die Spendenbereitschaft der Mittagstisch-G\u00e4ste aus dem Butzbacher Norden. F\u00fcr 500 Euro konnten mehr als 300 Kilo haltbare Lebensmittel an die Tafel \u00fcbergeben werden. Aber auch f\u00fcr die MiMit-G\u00e4ste an diesem Mittwoch war es kein gew\u00f6hnlicher Mittagstisch. Als Besonderheit hat Michael Morkel an diesem Tag als K\u00fcchenchef sein etwas anderes Men\u00fc mit den Damen zubereitet. Es gab einen mediterranen Salat mit Balsamico-Honig-Senf-Dressing gefolgt von selbst gemachten K\u00fcrbis-Nudeln mit gebratenen Garnelen, Salbei, Tomaten, Tofuw\u00fcrfeln und Waln\u00fcssen. Zum Dessert stand noch eine vegane Mousse au Chocolat auf der Speisekarte \u2013 etwas anderes und Moderneres als die allt\u00e4gliche K\u00fcche. Die G\u00e4ste waren begeistert, so die Veranstalter.<\/p>\n\n\n\n<p>Quelle und Bilder: Butzbacher Zeitung vom 15. Januar 2025<\/p>\n\n\n\n<figure class=\"wp-block-image size-full\"><img loading=\"lazy\" decoding=\"async\" width=\"925\" height=\"298\" src=\"http:\/\/875jahrekirchgoens.de\/wp-content\/uploads\/2025\/01\/30kg-Lebensmittel.png\" alt=\"\" class=\"wp-image-16222\" srcset=\"http:\/\/875jahrekirchgoens.de\/wp-content\/uploads\/2025\/01\/30kg-Lebensmittel.png 925w, http:\/\/875jahrekirchgoens.de\/wp-content\/uploads\/2025\/01\/30kg-Lebensmittel-300x97.png 300w, http:\/\/875jahrekirchgoens.de\/wp-content\/uploads\/2025\/01\/30kg-Lebensmittel-768x247.png 768w\" sizes=\"auto, (max-width: 925px) 100vw, 925px\" \/><\/figure>\n\n\n\n<p>Bevor die selbst gemachten K\u00fcrbis-Nudeln an diesem Tag den MiMit-G\u00e4sten gereicht werden, \u00fcbergeben einige der engagierten Mittagstischler Heinfried Brandenburger, Wilfried Weyl und Irmtraud Busch (Bildmitte) von der Butzbacher Tafel Reis, Nudeln, Kichererbsen, Bohnen, Karotten und Erbsen. Als Besonderheit hat Michael Morkel (Bild rechts) an diesem Tag als K\u00fcchen-Chef ein au\u00dfergew\u00f6hnliches Men\u00fc nach seinem eigenen Rezept mit den Damen f\u00fcr die zahlreichen MiMit-G\u00e4ste zubereitet.<\/p>\n","protected":false},"excerpt":{"rendered":"<p>Trinkgeld-Spenden der G\u00e4ste des Miteinander-Mittgastisches \u201eWenn wir es uns selbst gut gehen lassen, wollen wir auch an die denken, denen das so vielleicht nicht m\u00f6glich ist\u201c. So rief es Martin Jung im Dezember den G\u00e4sten des Kirch-\/Pohl-G\u00f6nser Miteinander-Mittagstisch (MiMit) der evangelischen Kirchengemeinde zu. Verbunden damit war der Aufruf alle Trinkgeld-Spenden dieses opulenten, vorweihnachtlichen MiMits der &#8230; <a title=\"300 Kilo Lebensmittel f\u00fcr die Tafel\" class=\"read-more\" href=\"http:\/\/875jahrekirchgoens.de\/?p=16221\" aria-label=\"Mehr Informationen \u00fcber 300 Kilo Lebensmittel f\u00fcr die Tafel\">Weiterlesen<\/a><\/p>\n","protected":false},"author":1,"featured_media":0,"comment_status":"closed","ping_status":"open","sticky":false,"template":"","format":"standard","meta":{"footnotes":""},"categories":[1],"tags":[],"class_list":["post-16221","post","type-post","status-publish","format-standard","hentry","category-infos"],"_links":{"self":[{"href":"http:\/\/875jahrekirchgoens.de\/index.php?rest_route=\/wp\/v2\/posts\/16221","targetHints":{"allow":["GET"]}}],"collection":[{"href":"http:\/\/875jahrekirchgoens.de\/index.php?rest_route=\/wp\/v2\/posts"}],"about":[{"href":"http:\/\/875jahrekirchgoens.de\/index.php?rest_route=\/wp\/v2\/types\/post"}],"author":[{"embeddable":true,"href":"http:\/\/875jahrekirchgoens.de\/index.php?rest_route=\/wp\/v2\/users\/1"}],"replies":[{"embeddable":true,"href":"http:\/\/875jahrekirchgoens.de\/index.php?rest_route=%2Fwp%2Fv2%2Fcomments&post=16221"}],"version-history":[{"count":1,"href":"http:\/\/875jahrekirchgoens.de\/index.php?rest_route=\/wp\/v2\/posts\/16221\/revisions"}],"predecessor-version":[{"id":16223,"href":"http:\/\/875jahrekirchgoens.de\/index.php?rest_route=\/wp\/v2\/posts\/16221\/revisions\/16223"}],"wp:attachment":[{"href":"http:\/\/875jahrekirchgoens.de\/index.php?rest_route=%2Fwp%2Fv2%2Fmedia&parent=16221"}],"wp:term":[{"taxonomy":"category","embeddable":true,"href":"http:\/\/875jahrekirchgoens.de\/index.php?rest_route=%2Fwp%2Fv2%2Fcategories&post=16221"},{"taxonomy":"post_tag","embeddable":true,"href":"http:\/\/875jahrekirchgoens.de\/index.php?rest_route=%2Fwp%2Fv2%2Ftags&post=16221"}],"curies":[{"name":"wp","href":"https:\/\/api.w.org\/{rel}","templated":true}]}}