{"id":16225,"date":"2023-01-31T10:25:00","date_gmt":"2023-01-31T10:25:00","guid":{"rendered":"http:\/\/875jahrekirchgoens.de\/?p=16225"},"modified":"2025-01-31T10:26:16","modified_gmt":"2025-01-31T10:26:16","slug":"ueber-pfingsten-mit-dem-wrc-in-der-pfalz-und-im-elsass","status":"publish","type":"post","link":"http:\/\/875jahrekirchgoens.de\/?p=16225","title":{"rendered":"\u00dcber Pfingsten mit dem WRC in der Pfalz und im Elsass"},"content":{"rendered":"\n<p>Der Wander- und Radfahrclub Kirch-G\u00f6ns unternimmt \u00fcber Pfingsten vom 26. bis 29. Mai eine Exkursion nach St. Martin in der Pfalz und nach Wei\u00dfenburg im Elsass. Das Standorthotel befindet sich in dem malerischen Weinort St. Martin, dessen historischer Ortskern seit 1981 unter Denkmalschutz steht und zu den sch\u00f6nsten D\u00f6rfern Deutschlands geh\u00f6rt. Des Weiteren stehen Fahrten nach Neustadt\/Weinstra\u00dfe und Hambacher Schloss auf dem Programm. Das Hambacher Schloss liegt im Zentrum der Deutschen Weinstra\u00dfe zwischen Lachen-Speyerdorf und Bad D\u00fcrkheim \u00fcber den D\u00e4chern von Neustadt. Es ist eine St\u00e4tte deutscher und europ\u00e4ischer Demokratiegeschichte und wurde ausgezeichnet mit dem \u201eEurop\u00e4ischen Kulturerbe-Siegel\u201c. Radwanderungen werden unternommen nach Freinsheim\/Bad-D\u00fcrkheim, Speyer und Wei\u00dfenburg\/Elsass. Wei\u00dfenburg (Wissembourg) ist eine franz\u00f6sische Gemeinde im Elsass. Es hat eine bezaubernde Altstadt mit historischen Fachwerkh\u00e4usern und romantischen Gassen. Die Innenstadt ist heute noch von der alten Stadtmauer umgeben, die aber leider nicht mehr vollst\u00e4ndig erhalten ist. Eine Wanderung mit Weinprobe auf einer Pf\u00e4lzerwaldh\u00fctte rundet das Programm ab. Anmeldungen und n\u00e4here Ausk\u00fcnfte bis zum 5. Februar bei Marianne M\u00fcller. Pl\u00e4tze sind begrenzt und werden in der Reihenfolge der Anmeldung vergeben. G\u00e4ste sind willkommen. Auch Teilnnehmer, die nicht wandern bzw. radwandern, k\u00f6nnen an der Exkursion, die st\u00e4ndig von einem Busunternehmen begleitet wird, teilnehmen.<\/p>\n\n\n\n<p>\u00a0<br>Quelle: Butzbacher Zeitung vom 28. Januar 2023<\/p>\n","protected":false},"excerpt":{"rendered":"<p>Der Wander- und Radfahrclub Kirch-G\u00f6ns unternimmt \u00fcber Pfingsten vom 26. bis 29. Mai eine Exkursion nach St. Martin in der Pfalz und nach Wei\u00dfenburg im Elsass. Das Standorthotel befindet sich in dem malerischen Weinort St. Martin, dessen historischer Ortskern seit 1981 unter Denkmalschutz steht und zu den sch\u00f6nsten D\u00f6rfern Deutschlands geh\u00f6rt. Des Weiteren stehen Fahrten &#8230; <a title=\"\u00dcber Pfingsten mit dem WRC in der Pfalz und im Elsass\" class=\"read-more\" href=\"http:\/\/875jahrekirchgoens.de\/?p=16225\" aria-label=\"Mehr Informationen \u00fcber \u00dcber Pfingsten mit dem WRC in der Pfalz und im Elsass\">Weiterlesen<\/a><\/p>\n","protected":false},"author":1,"featured_media":0,"comment_status":"closed","ping_status":"open","sticky":false,"template":"","format":"standard","meta":{"footnotes":""},"categories":[1],"tags":[],"class_list":["post-16225","post","type-post","status-publish","format-standard","hentry","category-infos"],"_links":{"self":[{"href":"http:\/\/875jahrekirchgoens.de\/index.php?rest_route=\/wp\/v2\/posts\/16225","targetHints":{"allow":["GET"]}}],"collection":[{"href":"http:\/\/875jahrekirchgoens.de\/index.php?rest_route=\/wp\/v2\/posts"}],"about":[{"href":"http:\/\/875jahrekirchgoens.de\/index.php?rest_route=\/wp\/v2\/types\/post"}],"author":[{"embeddable":true,"href":"http:\/\/875jahrekirchgoens.de\/index.php?rest_route=\/wp\/v2\/users\/1"}],"replies":[{"embeddable":true,"href":"http:\/\/875jahrekirchgoens.de\/index.php?rest_route=%2Fwp%2Fv2%2Fcomments&post=16225"}],"version-history":[{"count":1,"href":"http:\/\/875jahrekirchgoens.de\/index.php?rest_route=\/wp\/v2\/posts\/16225\/revisions"}],"predecessor-version":[{"id":16226,"href":"http:\/\/875jahrekirchgoens.de\/index.php?rest_route=\/wp\/v2\/posts\/16225\/revisions\/16226"}],"wp:attachment":[{"href":"http:\/\/875jahrekirchgoens.de\/index.php?rest_route=%2Fwp%2Fv2%2Fmedia&parent=16225"}],"wp:term":[{"taxonomy":"category","embeddable":true,"href":"http:\/\/875jahrekirchgoens.de\/index.php?rest_route=%2Fwp%2Fv2%2Fcategories&post=16225"},{"taxonomy":"post_tag","embeddable":true,"href":"http:\/\/875jahrekirchgoens.de\/index.php?rest_route=%2Fwp%2Fv2%2Ftags&post=16225"}],"curies":[{"name":"wp","href":"https:\/\/api.w.org\/{rel}","templated":true}]}}