{"id":16227,"date":"2023-03-23T10:26:00","date_gmt":"2023-03-23T10:26:00","guid":{"rendered":"http:\/\/875jahrekirchgoens.de\/?p=16227"},"modified":"2025-01-31T10:28:05","modified_gmt":"2025-01-31T10:28:05","slug":"der-oberkleener-waldsportplatz","status":"publish","type":"post","link":"http:\/\/875jahrekirchgoens.de\/?p=16227","title":{"rendered":"Der Oberkleener Waldsportplatz \u2026"},"content":{"rendered":"\n<p>\u2026 war Ziel einer Wanderung des WRC Kirch-G\u00f6ns. Das Foto zeigt einen Teil der Gruppe, die die Strecke (ca. 8. Km) zur Waldklause erwanderte. Am Ziel wartete bereits eine gr\u00f6\u00dfere Gruppe in der Gastst\u00e4tte, wo man gemeinsam ein leckeres Mittagessen serviert bekam. <\/p>\n\n\n\n<p>Quelle und Bild: Butzbacher Zeitung vom 23. M\u00e4rz 2023<\/p>\n\n\n\n<figure class=\"wp-block-image size-full\"><img loading=\"lazy\" decoding=\"async\" width=\"324\" height=\"185\" src=\"http:\/\/875jahrekirchgoens.de\/wp-content\/uploads\/2025\/01\/23.03.2023.png\" alt=\"\" class=\"wp-image-16229\" srcset=\"http:\/\/875jahrekirchgoens.de\/wp-content\/uploads\/2025\/01\/23.03.2023.png 324w, http:\/\/875jahrekirchgoens.de\/wp-content\/uploads\/2025\/01\/23.03.2023-300x171.png 300w\" sizes=\"auto, (max-width: 324px) 100vw, 324px\" \/><\/figure>\n","protected":false},"excerpt":{"rendered":"<p>\u2026 war Ziel einer Wanderung des WRC Kirch-G\u00f6ns. Das Foto zeigt einen Teil der Gruppe, die die Strecke (ca. 8. Km) zur Waldklause erwanderte. Am Ziel wartete bereits eine gr\u00f6\u00dfere Gruppe in der Gastst\u00e4tte, wo man gemeinsam ein leckeres Mittagessen serviert bekam. Quelle und Bild: Butzbacher Zeitung vom 23. M\u00e4rz 2023<\/p>\n","protected":false},"author":1,"featured_media":0,"comment_status":"closed","ping_status":"open","sticky":false,"template":"","format":"standard","meta":{"footnotes":""},"categories":[1],"tags":[],"class_list":["post-16227","post","type-post","status-publish","format-standard","hentry","category-infos"],"_links":{"self":[{"href":"http:\/\/875jahrekirchgoens.de\/index.php?rest_route=\/wp\/v2\/posts\/16227","targetHints":{"allow":["GET"]}}],"collection":[{"href":"http:\/\/875jahrekirchgoens.de\/index.php?rest_route=\/wp\/v2\/posts"}],"about":[{"href":"http:\/\/875jahrekirchgoens.de\/index.php?rest_route=\/wp\/v2\/types\/post"}],"author":[{"embeddable":true,"href":"http:\/\/875jahrekirchgoens.de\/index.php?rest_route=\/wp\/v2\/users\/1"}],"replies":[{"embeddable":true,"href":"http:\/\/875jahrekirchgoens.de\/index.php?rest_route=%2Fwp%2Fv2%2Fcomments&post=16227"}],"version-history":[{"count":1,"href":"http:\/\/875jahrekirchgoens.de\/index.php?rest_route=\/wp\/v2\/posts\/16227\/revisions"}],"predecessor-version":[{"id":16230,"href":"http:\/\/875jahrekirchgoens.de\/index.php?rest_route=\/wp\/v2\/posts\/16227\/revisions\/16230"}],"wp:attachment":[{"href":"http:\/\/875jahrekirchgoens.de\/index.php?rest_route=%2Fwp%2Fv2%2Fmedia&parent=16227"}],"wp:term":[{"taxonomy":"category","embeddable":true,"href":"http:\/\/875jahrekirchgoens.de\/index.php?rest_route=%2Fwp%2Fv2%2Fcategories&post=16227"},{"taxonomy":"post_tag","embeddable":true,"href":"http:\/\/875jahrekirchgoens.de\/index.php?rest_route=%2Fwp%2Fv2%2Ftags&post=16227"}],"curies":[{"name":"wp","href":"https:\/\/api.w.org\/{rel}","templated":true}]}}