{"id":16231,"date":"2023-04-15T10:28:00","date_gmt":"2023-04-15T10:28:00","guid":{"rendered":"http:\/\/875jahrekirchgoens.de\/?p=16231"},"modified":"2025-01-31T10:29:11","modified_gmt":"2025-01-31T10:29:11","slug":"osterspaziergang-kirch-goenser-kinder","status":"publish","type":"post","link":"http:\/\/875jahrekirchgoens.de\/?p=16231","title":{"rendered":"Osterspaziergang Kirch-G\u00f6nser Kinder"},"content":{"rendered":"\n<p>Am Mittwoch vor Ostern unternahm die Kindergruppe des Heimat- und Backhausvereins Kirch-G\u00f6ns bei Sonnenschein einen Osterspaziergang. Am Ende des Weges durften die Kinder gemeinsam viele S\u00fc\u00dfigkeiten und bunte Eier suchen. Nach einem Imbiss wurden die Kinder und Eltern mit den besten W\u00fcnschen f\u00fcr ein sch\u00f6nes Osterfest von den Betreuerinnen in die Ferien verabschiedet. Nach den Ferien geht es wieder mittwochs um 17.30 Uhr im B\u00fcrgerhaus weiter. Interessierte Kinder ab 5 Jahren sind immer herzlich willkommen.<\/p>\n\n\n\n<p>\u00a0<br>Quelle und Bild: Butzbacher Zeitung vom 15. April 2023<\/p>\n\n\n\n<figure class=\"wp-block-image size-full\"><img loading=\"lazy\" decoding=\"async\" width=\"279\" height=\"212\" src=\"http:\/\/875jahrekirchgoens.de\/wp-content\/uploads\/2025\/01\/15.04.2023-1.png\" alt=\"\" class=\"wp-image-16232\"\/><\/figure>\n\n\n\n<p><br>\u00a0<\/p>\n","protected":false},"excerpt":{"rendered":"<p>Am Mittwoch vor Ostern unternahm die Kindergruppe des Heimat- und Backhausvereins Kirch-G\u00f6ns bei Sonnenschein einen Osterspaziergang. Am Ende des Weges durften die Kinder gemeinsam viele S\u00fc\u00dfigkeiten und bunte Eier suchen. Nach einem Imbiss wurden die Kinder und Eltern mit den besten W\u00fcnschen f\u00fcr ein sch\u00f6nes Osterfest von den Betreuerinnen in die Ferien verabschiedet. Nach den &#8230; <a title=\"Osterspaziergang Kirch-G\u00f6nser Kinder\" class=\"read-more\" href=\"http:\/\/875jahrekirchgoens.de\/?p=16231\" aria-label=\"Mehr Informationen \u00fcber Osterspaziergang Kirch-G\u00f6nser Kinder\">Weiterlesen<\/a><\/p>\n","protected":false},"author":1,"featured_media":0,"comment_status":"closed","ping_status":"open","sticky":false,"template":"","format":"standard","meta":{"footnotes":""},"categories":[1],"tags":[],"class_list":["post-16231","post","type-post","status-publish","format-standard","hentry","category-infos"],"_links":{"self":[{"href":"http:\/\/875jahrekirchgoens.de\/index.php?rest_route=\/wp\/v2\/posts\/16231","targetHints":{"allow":["GET"]}}],"collection":[{"href":"http:\/\/875jahrekirchgoens.de\/index.php?rest_route=\/wp\/v2\/posts"}],"about":[{"href":"http:\/\/875jahrekirchgoens.de\/index.php?rest_route=\/wp\/v2\/types\/post"}],"author":[{"embeddable":true,"href":"http:\/\/875jahrekirchgoens.de\/index.php?rest_route=\/wp\/v2\/users\/1"}],"replies":[{"embeddable":true,"href":"http:\/\/875jahrekirchgoens.de\/index.php?rest_route=%2Fwp%2Fv2%2Fcomments&post=16231"}],"version-history":[{"count":1,"href":"http:\/\/875jahrekirchgoens.de\/index.php?rest_route=\/wp\/v2\/posts\/16231\/revisions"}],"predecessor-version":[{"id":16233,"href":"http:\/\/875jahrekirchgoens.de\/index.php?rest_route=\/wp\/v2\/posts\/16231\/revisions\/16233"}],"wp:attachment":[{"href":"http:\/\/875jahrekirchgoens.de\/index.php?rest_route=%2Fwp%2Fv2%2Fmedia&parent=16231"}],"wp:term":[{"taxonomy":"category","embeddable":true,"href":"http:\/\/875jahrekirchgoens.de\/index.php?rest_route=%2Fwp%2Fv2%2Fcategories&post=16231"},{"taxonomy":"post_tag","embeddable":true,"href":"http:\/\/875jahrekirchgoens.de\/index.php?rest_route=%2Fwp%2Fv2%2Ftags&post=16231"}],"curies":[{"name":"wp","href":"https:\/\/api.w.org\/{rel}","templated":true}]}}