{"id":16234,"date":"2023-05-05T10:29:00","date_gmt":"2023-05-05T10:29:00","guid":{"rendered":"http:\/\/875jahrekirchgoens.de\/?p=16234"},"modified":"2025-01-31T10:30:40","modified_gmt":"2025-01-31T10:30:40","slug":"vorsitzender-rink-im-amt-bestaetigt","status":"publish","type":"post","link":"http:\/\/875jahrekirchgoens.de\/?p=16234","title":{"rendered":"Vorsitzender Rink im Amt best\u00e4tigt"},"content":{"rendered":"\n<p>In der Jahreshauptversammlung des Wander- und Radfahrclubs WRC 97 Kirch-G\u00f6ns wurde der seitherige Vorsitzende Aribert Rink einstimmig f\u00fcr weitere 2 Jahre in seinem Amt best\u00e4tigt. Die sehr gut besuchte Versammlung begann mit dem Bericht des Vorsitzenden. Die sehr gut besuchte Versammlung begann mit dem Bericht des Vorsitzenden. Zu Beginn der Versammlung gedachte man des 2022 verstorbenen Mitglieds Elke Seipp-Axmann. Der Vorsitzender hob das Engagement von Elke Seip-Axmann f\u00fcr den WRC hervor und erinnerte an ihre langj\u00e4hrige Mitgliedschaft, in der sie mit Begeisterung an den verschiedensten Veranstaltungen teilnahm. Anschlie\u00dfend informierte Rink \u00fcber die 2022 durchgef\u00fchrten Exkursionen: Besonders hervorgehoben wurde die Fahrt \u00fcber Pfingsten in die Ortenau\/Schwarzwald in Gr\u00f6ffelbach, In Bad Nauheim zum Weinfreudenhaus mit einem gemeinsamen Kaffeetrinken, eine Wanderung zum Rehtreppchen, der Grenze zwischen Kirch-G\u00f6ns und Langg\u00f6ns mit einem Abschluss am Waldhaus im Gambacher Wald. Besuch mit Besichtigung der Grube Messel sowie Weihnachtsmarkt in Marburg. Der Bericht der Kassiererin Marianne M\u00fcller fand allgemeine Zustimmung, die von den Kassenpr\u00fcfern best\u00e4tigt wurde. Die Entlastung des Vorstandes erfolgte einstimmig. Die Vorstandswahl hatte folgendes Ergebnis: Vorsitzender Aribert Rink, Kassiererin Marianne M\u00fcller, Schriftf\u00fchrerin Anita Schwientek, Beisitzer Helmut Ceh, Edgar Becker, Helmut R\u00fchl und Siggi Born. Alle wurden einstimmig gew\u00e4hlt. Kassenpr\u00fcfer sind Dieter Axmann und Sigrid Becker. Die Unternehmungen bzw. Exkursionen 2023 begannen bereits mit einer Winterwanderung nach Linden\/Leihgestern in die Gastst\u00e4tte \u201eZum L\u00f6wen\u201c und einer Fr\u00fchlingswanderung zum Oberkleener Sportplatz. Am 1. Mai fand eine Wanderung bzw. Radwanderung zur Gr\u00fcninger Warte statt bei der die Teilnehmer am Ziel mit Bratwurst und Steaks vom Holzkohlegrill empfangen wurden. \u00dcber die Pfingstfeiertage steht eine Fahrt in die Pfalz nach St. Martin mit Wandern und Radwandern auf dem Programm. Des Weiteren werden das Hambacher Schloss in Neustadt an der Weinstra\u00dfe, Bad D\u00fcrkheim, Speyer, Freinsheim sowie Wei\u00dfenburg in Frankreich (Elsa\u00df) angefahren bzw. erwandert. Weitere Unternehmungen sind 2023 eine Wanderung zu den \u201eWetterauer Fr\u00fcchten\u201c, Wanderung zum Weinfreundehaus in Bad Nauheim, Tagesbusreise nach Frickenhausen\/Sommerhausen, Martinsgansessen und der Besuch des Weihnachtsmarktes in R\u00fcdesheim. Eine besondere Ehrung f\u00fcr 25j\u00e4hrige Mitgliedschaft wurde Ingrid Herbel und Albert Ceh zuteil. Vorsitzender Aribert Rink bedankte sich f\u00fcr die langj\u00e4hrige Treue und \u00fcberreichte ein Pr\u00e4sent.<\/p>\n\n\n\n<p>Das Foto entstand in der Jahreshauptversammlung des Wander- und Radfahrclubs und zeigt (v. l.) Schriftf\u00fchrerin Anita Schwientek, den geehrten Albert Ceh, den Vorsitzenden Aribert Rink und Kassiererin Marianne M\u00fcller. <\/p>\n\n\n\n<p>Quelle: Butzbacher Zeitung vom 5. Mai<\/p>\n\n\n\n<figure class=\"wp-block-image size-full\"><img loading=\"lazy\" decoding=\"async\" width=\"313\" height=\"194\" src=\"http:\/\/875jahrekirchgoens.de\/wp-content\/uploads\/2025\/01\/05.05.2023.png\" alt=\"\" class=\"wp-image-16235\" srcset=\"http:\/\/875jahrekirchgoens.de\/wp-content\/uploads\/2025\/01\/05.05.2023.png 313w, http:\/\/875jahrekirchgoens.de\/wp-content\/uploads\/2025\/01\/05.05.2023-300x186.png 300w\" sizes=\"auto, (max-width: 313px) 100vw, 313px\" \/><\/figure>\n\n\n\n<p><\/p>\n","protected":false},"excerpt":{"rendered":"<p>In der Jahreshauptversammlung des Wander- und Radfahrclubs WRC 97 Kirch-G\u00f6ns wurde der seitherige Vorsitzende Aribert Rink einstimmig f\u00fcr weitere 2 Jahre in seinem Amt best\u00e4tigt. Die sehr gut besuchte Versammlung begann mit dem Bericht des Vorsitzenden. Die sehr gut besuchte Versammlung begann mit dem Bericht des Vorsitzenden. Zu Beginn der Versammlung gedachte man des 2022 &#8230; <a title=\"Vorsitzender Rink im Amt best\u00e4tigt\" class=\"read-more\" href=\"http:\/\/875jahrekirchgoens.de\/?p=16234\" aria-label=\"Mehr Informationen \u00fcber Vorsitzender Rink im Amt best\u00e4tigt\">Weiterlesen<\/a><\/p>\n","protected":false},"author":1,"featured_media":0,"comment_status":"closed","ping_status":"open","sticky":false,"template":"","format":"standard","meta":{"footnotes":""},"categories":[1],"tags":[],"class_list":["post-16234","post","type-post","status-publish","format-standard","hentry","category-infos"],"_links":{"self":[{"href":"http:\/\/875jahrekirchgoens.de\/index.php?rest_route=\/wp\/v2\/posts\/16234","targetHints":{"allow":["GET"]}}],"collection":[{"href":"http:\/\/875jahrekirchgoens.de\/index.php?rest_route=\/wp\/v2\/posts"}],"about":[{"href":"http:\/\/875jahrekirchgoens.de\/index.php?rest_route=\/wp\/v2\/types\/post"}],"author":[{"embeddable":true,"href":"http:\/\/875jahrekirchgoens.de\/index.php?rest_route=\/wp\/v2\/users\/1"}],"replies":[{"embeddable":true,"href":"http:\/\/875jahrekirchgoens.de\/index.php?rest_route=%2Fwp%2Fv2%2Fcomments&post=16234"}],"version-history":[{"count":2,"href":"http:\/\/875jahrekirchgoens.de\/index.php?rest_route=\/wp\/v2\/posts\/16234\/revisions"}],"predecessor-version":[{"id":16237,"href":"http:\/\/875jahrekirchgoens.de\/index.php?rest_route=\/wp\/v2\/posts\/16234\/revisions\/16237"}],"wp:attachment":[{"href":"http:\/\/875jahrekirchgoens.de\/index.php?rest_route=%2Fwp%2Fv2%2Fmedia&parent=16234"}],"wp:term":[{"taxonomy":"category","embeddable":true,"href":"http:\/\/875jahrekirchgoens.de\/index.php?rest_route=%2Fwp%2Fv2%2Fcategories&post=16234"},{"taxonomy":"post_tag","embeddable":true,"href":"http:\/\/875jahrekirchgoens.de\/index.php?rest_route=%2Fwp%2Fv2%2Ftags&post=16234"}],"curies":[{"name":"wp","href":"https:\/\/api.w.org\/{rel}","templated":true}]}}