{"id":16238,"date":"2023-05-29T10:30:00","date_gmt":"2023-05-29T10:30:00","guid":{"rendered":"http:\/\/875jahrekirchgoens.de\/?p=16238"},"modified":"2025-01-31T10:32:02","modified_gmt":"2025-01-31T10:32:02","slug":"vom-hambacher-schloss-bis-dom-in-speyer","status":"publish","type":"post","link":"http:\/\/875jahrekirchgoens.de\/?p=16238","title":{"rendered":"Vom Hambacher Schloss bis Dom in Speyer"},"content":{"rendered":"\n<p>Interessante Pfingst-Exkursion des WRC Kirch-G\u00f6ns \/ Auch eine Weinprobe fehlt nicht<\/p>\n\n\n\n<p>Der Wander- und Radfahrclub WRC 97 Kirch-G\u00f6ns verbrachte \u00fcber Pfingsten vier ereignisreiche Tage in der Pfalz und Elsass. Als Aufenthaltsort hatte man St. Martin ausgesucht, einen malerischen Luftkurort, wo sich der Pf\u00e4lzer Wald und das Pf\u00e4lzer Weinland am n\u00e4chsten sind und Jahr f\u00fcr Jahr mehrere tausend Besucher anzieht. Die Exkursion begann mit einem ausgiebigen Fr\u00fchst\u00fcck auf der Rastst\u00e4tte Pfungstadt, bevor man die Reise zum Hambacher Schloss antrat. Am 27. Mai 1832 str\u00f6mten bis zu 30 000 Menschen zum Hamacher Schloss, um f\u00fcr politische Grundrechte, ein geeintes Deutschland und solidarisch verbundenes Europa einzutreten. Es war die erste gro\u00dfe Volksversammlung in der deutschen Geschichte. Anschlie\u00dfend verweilte man auf einer bewirtschafteten H\u00fctte im Pf\u00e4lzer Wald. Ein Teil der Gruppe wanderte anschlie\u00dfend ca. f\u00fcnf Kilometer zum Hotel in St. Martin, w\u00e4hrend der Rest mit dem Bus zur Unterkunft fuhr. Am n\u00e4chsten Tag stand eine Radwanderung\/Busfahrt (ca. 30 Km) nach Speyer auf dem Programm. Hier trafen sich alle Teilnehmer (Bus und Radler) und verbrachten gemeinsame Stunden unter anderem mit der Besichtigung der Altstadt und des Doms. Der Dom z\u00e4hlt zu den drei romanischen Kaiserdomen in Deutschland. Er ist die Kathedrale Kirche der katholischen Di\u00f6zese Speyer und Pfarrkirche der Dompfarrei. Der Tag wurde abgeschlossen mit einer Weinprobe und einer Vesper in einer Gastst\u00e4tte in St. Martin. Eine Radtour nach Freinsheim und Bad D\u00fcrkheim (ca. 30 Km) stand am n\u00e4chsten Tag auf dem Programm. In Bad D\u00fcrkheim trafen sich alle Teilnehmer (Radler\/Busfahrer) zur Besichtigung des Bad D\u00fcrkheimer Fasses, Gradierbau-Saline, Kurpark und Altstadt. Das Bad D\u00fcrkheimer Fass ist das gr\u00f6\u00dfte Weinfass der Welt. Das F\u00e4sschen ist so gro\u00df, das ein ganzes Restaurant mit zwei Etagen und 400 Besuchern Platz findet. Es hat einen Durchmesser von 13,5 Metern und ein Volumen von etwa 1 700 000 Litern entsprechend 1700 cbm. Sehr bekannt ist auch der allj\u00e4hrlich stattfindende Bad D\u00fcrkheimer Wurstmarkt. Auch Deidesheim mit dem bekannten Deidesheimer Hof (Kohls zweites Wohnzimmer) wurde ein Besuch abgestattet. Es ist das wohl deutscheste Restaurant der Republik. Hier sa\u00df Kohl einst mit den Gr\u00f6\u00dfen der Weltpolitik. Margarete Thatcher, Michail Gorbatschow usw. Das Gericht \u201eSaumagen\u201c erreichte dadurch seinen weltbekannten Ruf. Den Abschluss der Exkursion bildete eine Busfahrt nach Wei\u00dfenburg im Elsass. Hier stand ein ausgiebige Stadtf\u00fchrung und der Besuch des traditionellen Pfingstfestes auf dem Programm. Im Anschluss wurde die Heimreise mit einem Dank an den Vorsitzenden Aribert Rink, der die gesamte Organisation \u00fcbernommen hatte, abgeschlossen. Ebenso wurde dem Busfahrer f\u00fcr die exzellente Betreuung w\u00e4hrend der gesamten Fahrt gedankt.<\/p>\n\n\n\n<p>Sehr informativ war die Pfingstreise des WRC Kirch-G\u00f6ns, die in die Pfalz und ins Elsa\u00df f\u00fchrte.<\/p>\n\n\n\n<p>Quelle und Bild: Butzbacher Zeitung \u2013 Bericht zum Ausflug vom 26. Mai bis 29. Mai 2023<\/p>\n\n\n\n<figure class=\"wp-block-image size-full\"><img loading=\"lazy\" decoding=\"async\" width=\"554\" height=\"192\" src=\"http:\/\/875jahrekirchgoens.de\/wp-content\/uploads\/2025\/01\/29.05.2023.png\" alt=\"\" class=\"wp-image-16239\" srcset=\"http:\/\/875jahrekirchgoens.de\/wp-content\/uploads\/2025\/01\/29.05.2023.png 554w, http:\/\/875jahrekirchgoens.de\/wp-content\/uploads\/2025\/01\/29.05.2023-300x104.png 300w\" sizes=\"auto, (max-width: 554px) 100vw, 554px\" \/><\/figure>\n","protected":false},"excerpt":{"rendered":"<p>Interessante Pfingst-Exkursion des WRC Kirch-G\u00f6ns \/ Auch eine Weinprobe fehlt nicht Der Wander- und Radfahrclub WRC 97 Kirch-G\u00f6ns verbrachte \u00fcber Pfingsten vier ereignisreiche Tage in der Pfalz und Elsass. Als Aufenthaltsort hatte man St. Martin ausgesucht, einen malerischen Luftkurort, wo sich der Pf\u00e4lzer Wald und das Pf\u00e4lzer Weinland am n\u00e4chsten sind und Jahr f\u00fcr Jahr &#8230; <a title=\"Vom Hambacher Schloss bis Dom in Speyer\" class=\"read-more\" href=\"http:\/\/875jahrekirchgoens.de\/?p=16238\" aria-label=\"Mehr Informationen \u00fcber Vom Hambacher Schloss bis Dom in Speyer\">Weiterlesen<\/a><\/p>\n","protected":false},"author":1,"featured_media":0,"comment_status":"closed","ping_status":"open","sticky":false,"template":"","format":"standard","meta":{"footnotes":""},"categories":[1],"tags":[],"class_list":["post-16238","post","type-post","status-publish","format-standard","hentry","category-infos"],"_links":{"self":[{"href":"http:\/\/875jahrekirchgoens.de\/index.php?rest_route=\/wp\/v2\/posts\/16238","targetHints":{"allow":["GET"]}}],"collection":[{"href":"http:\/\/875jahrekirchgoens.de\/index.php?rest_route=\/wp\/v2\/posts"}],"about":[{"href":"http:\/\/875jahrekirchgoens.de\/index.php?rest_route=\/wp\/v2\/types\/post"}],"author":[{"embeddable":true,"href":"http:\/\/875jahrekirchgoens.de\/index.php?rest_route=\/wp\/v2\/users\/1"}],"replies":[{"embeddable":true,"href":"http:\/\/875jahrekirchgoens.de\/index.php?rest_route=%2Fwp%2Fv2%2Fcomments&post=16238"}],"version-history":[{"count":1,"href":"http:\/\/875jahrekirchgoens.de\/index.php?rest_route=\/wp\/v2\/posts\/16238\/revisions"}],"predecessor-version":[{"id":16240,"href":"http:\/\/875jahrekirchgoens.de\/index.php?rest_route=\/wp\/v2\/posts\/16238\/revisions\/16240"}],"wp:attachment":[{"href":"http:\/\/875jahrekirchgoens.de\/index.php?rest_route=%2Fwp%2Fv2%2Fmedia&parent=16238"}],"wp:term":[{"taxonomy":"category","embeddable":true,"href":"http:\/\/875jahrekirchgoens.de\/index.php?rest_route=%2Fwp%2Fv2%2Fcategories&post=16238"},{"taxonomy":"post_tag","embeddable":true,"href":"http:\/\/875jahrekirchgoens.de\/index.php?rest_route=%2Fwp%2Fv2%2Ftags&post=16238"}],"curies":[{"name":"wp","href":"https:\/\/api.w.org\/{rel}","templated":true}]}}