{"id":16250,"date":"2025-02-04T10:15:44","date_gmt":"2025-02-04T10:15:44","guid":{"rendered":"http:\/\/875jahrekirchgoens.de\/?p=16250"},"modified":"2025-02-04T10:15:45","modified_gmt":"2025-02-04T10:15:45","slug":"kappenabend-in-kirch-goens-7","status":"publish","type":"post","link":"http:\/\/875jahrekirchgoens.de\/?p=16250","title":{"rendered":"Kappenabend in Kirch-G\u00f6ns"},"content":{"rendered":"\n<p>(Mz.) Am Samstag, 8. Februar 2024, wird die Kirch-G\u00f6nser Sch\u00fctzenhalle bereits zum siebten Male in eine bunte Narrhalla verwandelt und zahlreiche aktive N\u00e4rrinnen und Narrhalesen geben ihren Humor zum Besten. Der Turnverein und Sch\u00fctzenverein Kirch-G\u00f6ns laden zum gemeinsamen Faschingstreiben ein. Schon seit vielen Wochen \u00fcben die Aktiven in verschiedenen Gruppen, um dem Publikum einen bunten Kappenabend zu pr\u00e4sentieren. Showt\u00e4nzer und Showt\u00e4nzerrinnen bewegen sich zu rhythmischen Kl\u00e4ngen und probieren eindrucksvolle Darbietungen und das alles, um Applaus als Dankesch\u00f6n von den Zuschauern zu erhalten. Einlass ist ab 19.31 Uhr. Beginn der Veranstaltung ist um 20.11 Uhr. Neben den Hoingkm\u00e4nnern aus Ebersg\u00f6ns, den Bierbauchhopsern aus Bodenrod, der M\u00e4nnertanzgruppe \u201eSchoppedales\u201c aus Leihgestern und der Black Guards aus Rockenberg stehen noch weitere H\u00f6hepunkte auf dem Programm. Neben einer B\u00fcttenrede nimmt erstmals die Gro\u00dfe Garde des Fassenachtsverein 2004 Pohl-G\u00f6ns mit einem Showtanz teil. Die Tanzgruppe MIB Kirch-G\u00f6ns hat in dieser Kampagne wieder einen Leckerbissen einge\u00fcbt. Mit dem Thema zu Toy Story tritt der Lokalmatador mit einer neunzehnk\u00f6pfigen Gruppe auf. Neben einer B\u00fcttenrede und Tanzdarbietungen wird nat\u00fcrlich auch in diesem Jahr wieder die Pr\u00e4mierung der \u201cBest Kapp&#8220; stattfinden. Stimmungsmusik werden die DJ\u00b4s Liam &amp; Felix auflegen. An der Kappensitzung gibt es Getr\u00e4nke und Speisen in gewohnter Art. Der Turnverein und Sch\u00fctzenverein Kirch-G\u00f6ns w\u00fcnschen allen Besuchern des Kappenabends viel Spa\u00df und ein paar frohe Stunden im Kreis der Kirch-Gieser Narren.<br>\u00a0<\/p>\n","protected":false},"excerpt":{"rendered":"<p>(Mz.) Am Samstag, 8. Februar 2024, wird die Kirch-G\u00f6nser Sch\u00fctzenhalle bereits zum siebten Male in eine bunte Narrhalla verwandelt und zahlreiche aktive N\u00e4rrinnen und Narrhalesen geben ihren Humor zum Besten. Der Turnverein und Sch\u00fctzenverein Kirch-G\u00f6ns laden zum gemeinsamen Faschingstreiben ein. Schon seit vielen Wochen \u00fcben die Aktiven in verschiedenen Gruppen, um dem Publikum einen bunten &#8230; <a title=\"Kappenabend in Kirch-G\u00f6ns\" class=\"read-more\" href=\"http:\/\/875jahrekirchgoens.de\/?p=16250\" aria-label=\"Mehr Informationen \u00fcber Kappenabend in Kirch-G\u00f6ns\">Weiterlesen<\/a><\/p>\n","protected":false},"author":1,"featured_media":0,"comment_status":"closed","ping_status":"open","sticky":false,"template":"","format":"standard","meta":{"footnotes":""},"categories":[1],"tags":[],"class_list":["post-16250","post","type-post","status-publish","format-standard","hentry","category-infos"],"_links":{"self":[{"href":"http:\/\/875jahrekirchgoens.de\/index.php?rest_route=\/wp\/v2\/posts\/16250","targetHints":{"allow":["GET"]}}],"collection":[{"href":"http:\/\/875jahrekirchgoens.de\/index.php?rest_route=\/wp\/v2\/posts"}],"about":[{"href":"http:\/\/875jahrekirchgoens.de\/index.php?rest_route=\/wp\/v2\/types\/post"}],"author":[{"embeddable":true,"href":"http:\/\/875jahrekirchgoens.de\/index.php?rest_route=\/wp\/v2\/users\/1"}],"replies":[{"embeddable":true,"href":"http:\/\/875jahrekirchgoens.de\/index.php?rest_route=%2Fwp%2Fv2%2Fcomments&post=16250"}],"version-history":[{"count":1,"href":"http:\/\/875jahrekirchgoens.de\/index.php?rest_route=\/wp\/v2\/posts\/16250\/revisions"}],"predecessor-version":[{"id":16251,"href":"http:\/\/875jahrekirchgoens.de\/index.php?rest_route=\/wp\/v2\/posts\/16250\/revisions\/16251"}],"wp:attachment":[{"href":"http:\/\/875jahrekirchgoens.de\/index.php?rest_route=%2Fwp%2Fv2%2Fmedia&parent=16250"}],"wp:term":[{"taxonomy":"category","embeddable":true,"href":"http:\/\/875jahrekirchgoens.de\/index.php?rest_route=%2Fwp%2Fv2%2Fcategories&post=16250"},{"taxonomy":"post_tag","embeddable":true,"href":"http:\/\/875jahrekirchgoens.de\/index.php?rest_route=%2Fwp%2Fv2%2Ftags&post=16250"}],"curies":[{"name":"wp","href":"https:\/\/api.w.org\/{rel}","templated":true}]}}