{"id":16253,"date":"2025-02-04T11:29:20","date_gmt":"2025-02-04T11:29:20","guid":{"rendered":"http:\/\/875jahrekirchgoens.de\/?p=16253"},"modified":"2025-02-04T11:29:20","modified_gmt":"2025-02-04T11:29:20","slug":"festschriften-zum-schmoekern-2","status":"publish","type":"post","link":"http:\/\/875jahrekirchgoens.de\/?p=16253","title":{"rendered":"Festschriften zum Schm\u00f6kern"},"content":{"rendered":"\n<p><em>Weitere zwei Festschriften zu Kirch-G\u00f6nser Jubil\u00e4umstagen jetzt online<\/em><\/p>\n\n\n\n<p>(Mz.) Im Zuge der Chronikarbeit zur 875-Jahrfeier von Kirch-G\u00f6ns in diesem Jahr konnte sich j\u00fcngst der Chronikausschuss \u00fcber weitere Festschriften von Kirch-G\u00f6nser Vereinen aus den vergangenen Jahren erfreuen. Die Festschrift zum 50j\u00e4hrigen Jubil\u00e4um der Freiwilligen Feuerwehr Kirch-G\u00f6ns vom 8. \u2013 10. Juli 1961 wurde von Marianne M\u00fcller zur Verf\u00fcgung gestellt. Vom 1. Vorsitzenden, G\u00fcnter Weber, des Heimat- und Backhausverein Kirch-G\u00f6ns wurde die Festschrift zum 10j\u00e4hirgen Bestehen des Heimat- und Backhausverein vom 29. und 30. August 1992 \u00fcbergeben. Nunmehr k\u00f6nnen neben der 286-seitigen Dorfchronik, Ausgabe im Jahre 2000 zur 850-Jahr-Feier, insgesamt dreiundzwanzig Festschriften von Kirch-G\u00f6nser Vereinen auf der Homepage www.875jahrekirchgoens.de \u2013 Rubrik Festschriften &#8211; eingesehen werden. Chronik-Ausschussvorsitzender Thorsten Metz freute sich \u00fcber die Bereitstellung der Unterlagen und Aufarbeitung der Kirch-G\u00f6nser Vereinsgeschichte. \u201eEs ist sehr sch\u00f6n, dass uns viele Kirch-G\u00f6nser\/innen bei der Sammlung so unterst\u00fctzen\u201c, teilte Metz gegen\u00fcber der BZ mit. Der Chronik-Ausschuss w\u00fcnscht viel Spa\u00df beim Schm\u00f6kern. Weiterhin werden Zeitungsberichte zwischen den Jahren 2000 bis 2023 \u201erund um Kirch-G\u00f6ns herum\u201c gesucht, damit die Chronik-Ausgabe an der Akademischen Feier am 22. M\u00e4rz 2025 in der Mehrzweckhalle Kirch-\/Pohl-G\u00f6ns erfolgen kann. Gerne k\u00f6nnen die Unterlagen beim Chronik-Ausschuss abgegeben werden.<\/p>\n\n\n\n<p>Bilder: Interessengemeinschaft Kirch-G\u00f6ns<\/p>\n\n\n\n<figure class=\"wp-block-image size-full\"><img loading=\"lazy\" decoding=\"async\" width=\"865\" height=\"535\" src=\"http:\/\/875jahrekirchgoens.de\/wp-content\/uploads\/2025\/02\/Screenshot-2025-02-04-122839.png\" alt=\"\" class=\"wp-image-16254\" srcset=\"http:\/\/875jahrekirchgoens.de\/wp-content\/uploads\/2025\/02\/Screenshot-2025-02-04-122839.png 865w, http:\/\/875jahrekirchgoens.de\/wp-content\/uploads\/2025\/02\/Screenshot-2025-02-04-122839-300x186.png 300w, http:\/\/875jahrekirchgoens.de\/wp-content\/uploads\/2025\/02\/Screenshot-2025-02-04-122839-768x475.png 768w\" sizes=\"auto, (max-width: 865px) 100vw, 865px\" \/><\/figure>\n","protected":false},"excerpt":{"rendered":"<p>Weitere zwei Festschriften zu Kirch-G\u00f6nser Jubil\u00e4umstagen jetzt online (Mz.) Im Zuge der Chronikarbeit zur 875-Jahrfeier von Kirch-G\u00f6ns in diesem Jahr konnte sich j\u00fcngst der Chronikausschuss \u00fcber weitere Festschriften von Kirch-G\u00f6nser Vereinen aus den vergangenen Jahren erfreuen. Die Festschrift zum 50j\u00e4hrigen Jubil\u00e4um der Freiwilligen Feuerwehr Kirch-G\u00f6ns vom 8. \u2013 10. Juli 1961 wurde von Marianne M\u00fcller &#8230; <a title=\"Festschriften zum Schm\u00f6kern\" class=\"read-more\" href=\"http:\/\/875jahrekirchgoens.de\/?p=16253\" aria-label=\"Mehr Informationen \u00fcber Festschriften zum Schm\u00f6kern\">Weiterlesen<\/a><\/p>\n","protected":false},"author":1,"featured_media":0,"comment_status":"closed","ping_status":"open","sticky":false,"template":"","format":"standard","meta":{"footnotes":""},"categories":[1],"tags":[],"class_list":["post-16253","post","type-post","status-publish","format-standard","hentry","category-infos"],"_links":{"self":[{"href":"http:\/\/875jahrekirchgoens.de\/index.php?rest_route=\/wp\/v2\/posts\/16253","targetHints":{"allow":["GET"]}}],"collection":[{"href":"http:\/\/875jahrekirchgoens.de\/index.php?rest_route=\/wp\/v2\/posts"}],"about":[{"href":"http:\/\/875jahrekirchgoens.de\/index.php?rest_route=\/wp\/v2\/types\/post"}],"author":[{"embeddable":true,"href":"http:\/\/875jahrekirchgoens.de\/index.php?rest_route=\/wp\/v2\/users\/1"}],"replies":[{"embeddable":true,"href":"http:\/\/875jahrekirchgoens.de\/index.php?rest_route=%2Fwp%2Fv2%2Fcomments&post=16253"}],"version-history":[{"count":1,"href":"http:\/\/875jahrekirchgoens.de\/index.php?rest_route=\/wp\/v2\/posts\/16253\/revisions"}],"predecessor-version":[{"id":16255,"href":"http:\/\/875jahrekirchgoens.de\/index.php?rest_route=\/wp\/v2\/posts\/16253\/revisions\/16255"}],"wp:attachment":[{"href":"http:\/\/875jahrekirchgoens.de\/index.php?rest_route=%2Fwp%2Fv2%2Fmedia&parent=16253"}],"wp:term":[{"taxonomy":"category","embeddable":true,"href":"http:\/\/875jahrekirchgoens.de\/index.php?rest_route=%2Fwp%2Fv2%2Fcategories&post=16253"},{"taxonomy":"post_tag","embeddable":true,"href":"http:\/\/875jahrekirchgoens.de\/index.php?rest_route=%2Fwp%2Fv2%2Ftags&post=16253"}],"curies":[{"name":"wp","href":"https:\/\/api.w.org\/{rel}","templated":true}]}}