{"id":16264,"date":"2025-02-05T08:28:14","date_gmt":"2025-02-05T08:28:14","guid":{"rendered":"http:\/\/875jahrekirchgoens.de\/?p=16264"},"modified":"2025-02-05T08:28:15","modified_gmt":"2025-02-05T08:28:15","slug":"mibdance-ist-bereit-fuer-die-kampagne","status":"publish","type":"post","link":"http:\/\/875jahrekirchgoens.de\/?p=16264","title":{"rendered":"Mibdance ist bereit f\u00fcr die Kampagne"},"content":{"rendered":"\n<p>(Mz.) Die Tanzgruppe Mibdance des Turnverein Vorw\u00e4rts 1891 Kirch-G\u00f6ns bereitet sich auf die n\u00e4rrische Kampagne vor. Seit 27 Jahren steht die Truppe auf der B\u00fchne und pr\u00e4sentiert jede Faschingssaison ein neues Programm. Zwischenzeitlich hat man sich mit j\u00fcngeren Aktiven erg\u00e4nzt und seit mehreren Wochen \u00fcben die Akteure f\u00fcr Ihren Auftritt. \u00dcbungsleiterin Tina und Lara Ceh sind mit der bisherigen Entwicklung sehr zufrieden und man freut sich auf die Saison. Zu sehen ist die Gruppe am gemeinsamen Kappenabend des Sch\u00fctzenvereins und Turnverein am 8. Februar 2025 sowie am Faschingsfreitag und Samstag sind weitere Auftritte beim Pohl-G\u00f6nser Fassenachtsverein vorgesehen.<\/p>\n\n\n\n<p>Bild: Thorsten Metz \/ Kirch-G\u00f6ns<\/p>\n\n\n\n<figure class=\"wp-block-image size-full\"><img loading=\"lazy\" decoding=\"async\" width=\"780\" height=\"585\" src=\"http:\/\/875jahrekirchgoens.de\/wp-content\/uploads\/2025\/02\/Bild1.jpg\" alt=\"\" class=\"wp-image-16265\" srcset=\"http:\/\/875jahrekirchgoens.de\/wp-content\/uploads\/2025\/02\/Bild1.jpg 780w, http:\/\/875jahrekirchgoens.de\/wp-content\/uploads\/2025\/02\/Bild1-300x225.jpg 300w, http:\/\/875jahrekirchgoens.de\/wp-content\/uploads\/2025\/02\/Bild1-768x576.jpg 768w\" sizes=\"auto, (max-width: 780px) 100vw, 780px\" \/><\/figure>\n\n\n\n<p><br>\u00a0<\/p>\n","protected":false},"excerpt":{"rendered":"<p>(Mz.) Die Tanzgruppe Mibdance des Turnverein Vorw\u00e4rts 1891 Kirch-G\u00f6ns bereitet sich auf die n\u00e4rrische Kampagne vor. Seit 27 Jahren steht die Truppe auf der B\u00fchne und pr\u00e4sentiert jede Faschingssaison ein neues Programm. Zwischenzeitlich hat man sich mit j\u00fcngeren Aktiven erg\u00e4nzt und seit mehreren Wochen \u00fcben die Akteure f\u00fcr Ihren Auftritt. \u00dcbungsleiterin Tina und Lara Ceh &#8230; <a title=\"Mibdance ist bereit f\u00fcr die Kampagne\" class=\"read-more\" href=\"http:\/\/875jahrekirchgoens.de\/?p=16264\" aria-label=\"Mehr Informationen \u00fcber Mibdance ist bereit f\u00fcr die Kampagne\">Weiterlesen<\/a><\/p>\n","protected":false},"author":1,"featured_media":0,"comment_status":"closed","ping_status":"open","sticky":false,"template":"","format":"standard","meta":{"footnotes":""},"categories":[1],"tags":[],"class_list":["post-16264","post","type-post","status-publish","format-standard","hentry","category-infos"],"_links":{"self":[{"href":"http:\/\/875jahrekirchgoens.de\/index.php?rest_route=\/wp\/v2\/posts\/16264","targetHints":{"allow":["GET"]}}],"collection":[{"href":"http:\/\/875jahrekirchgoens.de\/index.php?rest_route=\/wp\/v2\/posts"}],"about":[{"href":"http:\/\/875jahrekirchgoens.de\/index.php?rest_route=\/wp\/v2\/types\/post"}],"author":[{"embeddable":true,"href":"http:\/\/875jahrekirchgoens.de\/index.php?rest_route=\/wp\/v2\/users\/1"}],"replies":[{"embeddable":true,"href":"http:\/\/875jahrekirchgoens.de\/index.php?rest_route=%2Fwp%2Fv2%2Fcomments&post=16264"}],"version-history":[{"count":1,"href":"http:\/\/875jahrekirchgoens.de\/index.php?rest_route=\/wp\/v2\/posts\/16264\/revisions"}],"predecessor-version":[{"id":16266,"href":"http:\/\/875jahrekirchgoens.de\/index.php?rest_route=\/wp\/v2\/posts\/16264\/revisions\/16266"}],"wp:attachment":[{"href":"http:\/\/875jahrekirchgoens.de\/index.php?rest_route=%2Fwp%2Fv2%2Fmedia&parent=16264"}],"wp:term":[{"taxonomy":"category","embeddable":true,"href":"http:\/\/875jahrekirchgoens.de\/index.php?rest_route=%2Fwp%2Fv2%2Fcategories&post=16264"},{"taxonomy":"post_tag","embeddable":true,"href":"http:\/\/875jahrekirchgoens.de\/index.php?rest_route=%2Fwp%2Fv2%2Ftags&post=16264"}],"curies":[{"name":"wp","href":"https:\/\/api.w.org\/{rel}","templated":true}]}}