{"id":16269,"date":"2025-02-12T14:52:51","date_gmt":"2025-02-12T14:52:51","guid":{"rendered":"http:\/\/875jahrekirchgoens.de\/?p=16269"},"modified":"2025-02-12T17:48:36","modified_gmt":"2025-02-12T17:48:36","slug":"goensi-aus-dem-dornroeschenschlaf-erweckt","status":"publish","type":"post","link":"http:\/\/875jahrekirchgoens.de\/?p=16269","title":{"rendered":"G\u00f6nsi aus dem Dornr\u00f6schenschlaf erweckt"},"content":{"rendered":"\n<p><em>Kirch-G\u00f6nser Maskottchen wieder aufgetaucht<\/em><\/p>\n\n\n\n<p>(Mz.) Anl\u00e4sslich der 850-Jahr-Feier von Kirch-G\u00f6ns im Jahre 2000 wurde ein Maskottchen, der \u201eG\u00f6nsi\u201c, von Susanna Sommer entworfen und der Interessengemeinschaft der Kirch-G\u00f6nser Vereine f\u00fcr Werbezwecke zur Verf\u00fcgung gestellt. Das Maskottchen schm\u00fcckte vor und w\u00e4hrend der Feierlichkeiten diverse Werbeartikel wie Aufkleber, Tassen, T-Shirts, Basecaps und die Dorfeing\u00e4nge von Kirch-G\u00f6ns. Der Ursprungsgedanke kam Susanna Sommer, die damals noch in der Hauptstra\u00dfe in Kirch-G\u00f6ns wohnte, bei einer Reise nach Nordhessen, wobei ihr ein Ortsmaskottchen (Zwestie) auffiel und daher kam der Gedanke f\u00fcr den Entwurf des G\u00f6nsi. Der damalige IG-Vorstand stimmte dem Entwurf des Maskottchens zu. Vom Bauausschuss wurde eine ca. zwei Meter hohe Konstruktion des G\u00f6nsi erstellt. Nach Beendigung der Festlichkeiten zur 850-Jahr-Feier wurde Ende Juli 2000 der G\u00f6nsi abgebaut und buchst\u00e4blich in den Dornr\u00f6schenschlaf geschickt. Nachdem man im vergangenen Jahr intensiv gesucht hatte, konnte man das gute St\u00fcck in einem Kirch-G\u00f6nser Kellerverschlag wiederfinden. Die Freude \u00fcber den Fund war riesengro\u00df. Ein wenig eingestaubt, aber noch gut erhalten, machte sich der jetzige Bauausschuss zur 875-Jahrfeier von Kirch-G\u00f6ns im Jahre 2025 an die Restaurierung des \u201eG\u00f6nsi\u201c. Mehrere Stunden hatte Lena Wellner, Tochter des Bauausschussvorsitzenden Michael Wellner, an der Aufarbeitung verbracht. Gemeinsam mit Susanna Sommer konnte man nunmehr das Maskottchen begutachten. Als Dankesch\u00f6n f\u00fcr die Restaurierung des G\u00f6nsi \u00fcbergab IG-Vorsitzender Michael Tiedemann an Lena Wellner einen Buchgutschein. Von der IG Kirch-G\u00f6ns ist geplant, dass der G\u00f6nsi u. a. bei der \u00f6ffentlichen akademischen Feier am 22. M\u00e4rz 2025 in der Mehrzweckhalle Kirch-\/Pohl-G\u00f6ns der Allgemeinheit pr\u00e4sentiert wird. Auch am Festwochenende vom 29. bis 31. August 2025 soll er einen geb\u00fchrenden Platz im Festzelt erhalten.<\/p>\n\n\n\n<p>Bild: Katja Schenk \/ Kirch-G\u00f6ns<\/p>\n\n\n\n<p><strong>G\u00f6nsi aus dem Dornr\u00f6schenschlaf geweckt<\/strong><\/p>\n\n\n\n<p>Unser Bild zeigt Thorsten Metz (IG-Werbeausschuss), Michael Tiedemann (IG-Vorsitzender), Lena Wellner und Susanna Sommer bei der Pr\u00e4sentation des restaurierten Maskottchens \u201eG\u00f6nsi\u201c vor dem Kirch-G\u00f6nser Backhaus.<\/p>\n\n\n\n<figure class=\"wp-block-image size-large\"><img loading=\"lazy\" decoding=\"async\" width=\"1024\" height=\"768\" src=\"http:\/\/875jahrekirchgoens.de\/wp-content\/uploads\/2025\/02\/2025-02-08.02.2025-Bild-Goensi-Mama-1024x768.jpeg\" alt=\"\" class=\"wp-image-16270\" srcset=\"http:\/\/875jahrekirchgoens.de\/wp-content\/uploads\/2025\/02\/2025-02-08.02.2025-Bild-Goensi-Mama-1024x768.jpeg 1024w, http:\/\/875jahrekirchgoens.de\/wp-content\/uploads\/2025\/02\/2025-02-08.02.2025-Bild-Goensi-Mama-300x225.jpeg 300w, http:\/\/875jahrekirchgoens.de\/wp-content\/uploads\/2025\/02\/2025-02-08.02.2025-Bild-Goensi-Mama-768x576.jpeg 768w, http:\/\/875jahrekirchgoens.de\/wp-content\/uploads\/2025\/02\/2025-02-08.02.2025-Bild-Goensi-Mama-1536x1152.jpeg 1536w, http:\/\/875jahrekirchgoens.de\/wp-content\/uploads\/2025\/02\/2025-02-08.02.2025-Bild-Goensi-Mama.jpeg 1600w\" sizes=\"auto, (max-width: 1024px) 100vw, 1024px\" \/><\/figure>\n","protected":false},"excerpt":{"rendered":"<p>Kirch-G\u00f6nser Maskottchen wieder aufgetaucht (Mz.) Anl\u00e4sslich der 850-Jahr-Feier von Kirch-G\u00f6ns im Jahre 2000 wurde ein Maskottchen, der \u201eG\u00f6nsi\u201c, von Susanna Sommer entworfen und der Interessengemeinschaft der Kirch-G\u00f6nser Vereine f\u00fcr Werbezwecke zur Verf\u00fcgung gestellt. Das Maskottchen schm\u00fcckte vor und w\u00e4hrend der Feierlichkeiten diverse Werbeartikel wie Aufkleber, Tassen, T-Shirts, Basecaps und die Dorfeing\u00e4nge von Kirch-G\u00f6ns. Der Ursprungsgedanke &#8230; <a title=\"G\u00f6nsi aus dem Dornr\u00f6schenschlaf erweckt\" class=\"read-more\" href=\"http:\/\/875jahrekirchgoens.de\/?p=16269\" aria-label=\"Mehr Informationen \u00fcber G\u00f6nsi aus dem Dornr\u00f6schenschlaf erweckt\">Weiterlesen<\/a><\/p>\n","protected":false},"author":1,"featured_media":0,"comment_status":"closed","ping_status":"open","sticky":false,"template":"","format":"standard","meta":{"footnotes":""},"categories":[1],"tags":[],"class_list":["post-16269","post","type-post","status-publish","format-standard","hentry","category-infos"],"_links":{"self":[{"href":"http:\/\/875jahrekirchgoens.de\/index.php?rest_route=\/wp\/v2\/posts\/16269","targetHints":{"allow":["GET"]}}],"collection":[{"href":"http:\/\/875jahrekirchgoens.de\/index.php?rest_route=\/wp\/v2\/posts"}],"about":[{"href":"http:\/\/875jahrekirchgoens.de\/index.php?rest_route=\/wp\/v2\/types\/post"}],"author":[{"embeddable":true,"href":"http:\/\/875jahrekirchgoens.de\/index.php?rest_route=\/wp\/v2\/users\/1"}],"replies":[{"embeddable":true,"href":"http:\/\/875jahrekirchgoens.de\/index.php?rest_route=%2Fwp%2Fv2%2Fcomments&post=16269"}],"version-history":[{"count":2,"href":"http:\/\/875jahrekirchgoens.de\/index.php?rest_route=\/wp\/v2\/posts\/16269\/revisions"}],"predecessor-version":[{"id":16273,"href":"http:\/\/875jahrekirchgoens.de\/index.php?rest_route=\/wp\/v2\/posts\/16269\/revisions\/16273"}],"wp:attachment":[{"href":"http:\/\/875jahrekirchgoens.de\/index.php?rest_route=%2Fwp%2Fv2%2Fmedia&parent=16269"}],"wp:term":[{"taxonomy":"category","embeddable":true,"href":"http:\/\/875jahrekirchgoens.de\/index.php?rest_route=%2Fwp%2Fv2%2Fcategories&post=16269"},{"taxonomy":"post_tag","embeddable":true,"href":"http:\/\/875jahrekirchgoens.de\/index.php?rest_route=%2Fwp%2Fv2%2Ftags&post=16269"}],"curies":[{"name":"wp","href":"https:\/\/api.w.org\/{rel}","templated":true}]}}