{"id":16275,"date":"2025-02-04T11:26:12","date_gmt":"2025-02-04T11:26:12","guid":{"rendered":"http:\/\/875jahrekirchgoens.de\/?p=16275"},"modified":"2025-02-26T11:26:48","modified_gmt":"2025-02-26T11:26:48","slug":"schuetzen-tagen-am-4-april","status":"publish","type":"post","link":"http:\/\/875jahrekirchgoens.de\/?p=16275","title":{"rendered":"Sch\u00fctzen tagen am 4. April"},"content":{"rendered":"\n<p>Der Vorstand des Sch\u00fctzenvereins und des F\u00f6rdervereins Kirch-G\u00f6ns 1962 laden zur Mitgliederversammlung am Freitag, 4. April, um 20 Uhr in die Sch\u00fctzenhalle, Gambacher Stra\u00dfe 1, in Kirch-G\u00f6ns ein. Auf der Tagesordnung stehen unter anderem die Berichte des Vorstandes, Wahlen zum Vorstand, Ehrungen, Beitrags\u00e4nderungen, Satzungs\u00e4nderungen und Antr\u00e4ge. Antr\u00e4ge sind schriftlich bis sp\u00e4testens 7. M\u00e4rz an den Vorsitzenden Gunther M\u00fcller, Gambacher Stra\u00dfe 31, 35510 Butzbach, einzureichen. Der Kassenbericht und die Buchf\u00fchrung werden zu den \u00d6ffnungszeiten ab dem 21. M\u00e4rz in der Sch\u00fctzenhalle Kirch-G\u00f6ns zur Einsicht f\u00fcr Mitglieder offengelegt.<\/p>\n\n\n\n<p>Quelle: Butzbacher Zeitung vom 4. Februar 2025<\/p>\n","protected":false},"excerpt":{"rendered":"<p>Der Vorstand des Sch\u00fctzenvereins und des F\u00f6rdervereins Kirch-G\u00f6ns 1962 laden zur Mitgliederversammlung am Freitag, 4. April, um 20 Uhr in die Sch\u00fctzenhalle, Gambacher Stra\u00dfe 1, in Kirch-G\u00f6ns ein. Auf der Tagesordnung stehen unter anderem die Berichte des Vorstandes, Wahlen zum Vorstand, Ehrungen, Beitrags\u00e4nderungen, Satzungs\u00e4nderungen und Antr\u00e4ge. Antr\u00e4ge sind schriftlich bis sp\u00e4testens 7. M\u00e4rz an den &#8230; <a title=\"Sch\u00fctzen tagen am 4. April\" class=\"read-more\" href=\"http:\/\/875jahrekirchgoens.de\/?p=16275\" aria-label=\"Mehr Informationen \u00fcber Sch\u00fctzen tagen am 4. April\">Weiterlesen<\/a><\/p>\n","protected":false},"author":1,"featured_media":0,"comment_status":"closed","ping_status":"open","sticky":false,"template":"","format":"standard","meta":{"footnotes":""},"categories":[1],"tags":[],"class_list":["post-16275","post","type-post","status-publish","format-standard","hentry","category-infos"],"_links":{"self":[{"href":"http:\/\/875jahrekirchgoens.de\/index.php?rest_route=\/wp\/v2\/posts\/16275","targetHints":{"allow":["GET"]}}],"collection":[{"href":"http:\/\/875jahrekirchgoens.de\/index.php?rest_route=\/wp\/v2\/posts"}],"about":[{"href":"http:\/\/875jahrekirchgoens.de\/index.php?rest_route=\/wp\/v2\/types\/post"}],"author":[{"embeddable":true,"href":"http:\/\/875jahrekirchgoens.de\/index.php?rest_route=\/wp\/v2\/users\/1"}],"replies":[{"embeddable":true,"href":"http:\/\/875jahrekirchgoens.de\/index.php?rest_route=%2Fwp%2Fv2%2Fcomments&post=16275"}],"version-history":[{"count":1,"href":"http:\/\/875jahrekirchgoens.de\/index.php?rest_route=\/wp\/v2\/posts\/16275\/revisions"}],"predecessor-version":[{"id":16276,"href":"http:\/\/875jahrekirchgoens.de\/index.php?rest_route=\/wp\/v2\/posts\/16275\/revisions\/16276"}],"wp:attachment":[{"href":"http:\/\/875jahrekirchgoens.de\/index.php?rest_route=%2Fwp%2Fv2%2Fmedia&parent=16275"}],"wp:term":[{"taxonomy":"category","embeddable":true,"href":"http:\/\/875jahrekirchgoens.de\/index.php?rest_route=%2Fwp%2Fv2%2Fcategories&post=16275"},{"taxonomy":"post_tag","embeddable":true,"href":"http:\/\/875jahrekirchgoens.de\/index.php?rest_route=%2Fwp%2Fv2%2Ftags&post=16275"}],"curies":[{"name":"wp","href":"https:\/\/api.w.org\/{rel}","templated":true}]}}