{"id":16277,"date":"2025-02-24T11:27:09","date_gmt":"2025-02-24T11:27:09","guid":{"rendered":"http:\/\/875jahrekirchgoens.de\/?p=16277"},"modified":"2025-02-26T11:29:40","modified_gmt":"2025-02-26T11:29:40","slug":"preistraeger-mit-viel-herzblut","status":"publish","type":"post","link":"http:\/\/875jahrekirchgoens.de\/?p=16277","title":{"rendered":"Preistr\u00e4ger mit viel Herzblut"},"content":{"rendered":"\n<p><em>Butzbach ehrte Familie Gratzfeld und F\u00f6rderverein der G\u00f6nser Grundschule<\/em><\/p>\n\n\n\n<p>Das Kulturgut Zeitung und Kinderrechte waren die zentralen Themen der Kulturpreisverleihung der Stadt Butzbach am Freitag im Ratsherrensaal. Familie Gratzfeld erh\u00e4lt den Kulturpreis f\u00fcr das jahrzehntelange verlegerische Wirken der Butzbacher Zeitung. Der Sonderpreis zum Kulturpreis geht an den F\u00f6rderverein der G\u00f6nser Grundschule (GGS), der vielf\u00e4ltig aktiv ist und die Kinderrechteschule kr\u00e4ftig unterst\u00fctzt. William Thum, ehemaliger Pfarrer in Kirch- und Pohl-G\u00f6ns, der ab 2002 \u201emit viel Herzblut\u201c an der Mittelpunktschule Oberer H\u00fcttenberg und der dann geschaffenen GGS Religionsunterricht gab, griff das M\u00e4rchen vom h\u00e4sslichen Entlein auf: von der verschm\u00e4hten weiterf\u00fchrenden Schule hin zum sch\u00f6nen Schwan, der sich im Wappen der Schule wiederfindet. Thum stellte heraus, dass die Schulgemeinde und der F\u00f6rderverein die Chance erkannt h\u00e4tten, etwas Neues zu schaffen.<\/p>\n\n\n\n<p>Gemeinsam h\u00e4tten viele Akteure f\u00fcr eine gute Zukunft der Schule gek\u00e4mpft \u2013 unter anderem gegen die Politik. Daran, dass die Schule heute bewundernd wahrgenommen werde, habe den F\u00f6rderverein einen wesentlichen Anteil. Unter anderem habe Vorsitzender Stefan Steiner, der am Freitag nicht teilnehmen konnte, ein Netzwerk von Sponsoren aufgebaut. Das Motto des Vereins lautet \u201eIdeen ertr\u00e4umen, Projekte f\u00f6rdern \u2013 Wir packen an\u201c. Das Engagement der Eltern sei f\u00fcr den Fortbestand der Schule existenziell wichtig. Schulleiterin Anette Schliebener bescheinigte Thum, mit Herzblut f\u00fcr die GGS zu arbeiten. Und es unterstrich, dass das Verh\u00e4ltnis von Schule und Gemeinde stets ein gutes und enges sei.<\/p>\n\n\n\n<p>Quelle und Bild: Butzbacher Zeitung vom 24. Februar 2025<\/p>\n\n\n\n<figure class=\"wp-block-image size-full\"><img loading=\"lazy\" decoding=\"async\" width=\"152\" height=\"168\" src=\"http:\/\/875jahrekirchgoens.de\/wp-content\/uploads\/2025\/02\/Thum.png\" alt=\"\" class=\"wp-image-16278\"\/><figcaption class=\"wp-element-caption\">Pfarrer William Thum w\u00fcrdigt die Leistung des F\u00f6rdervereins der GGS.<\/figcaption><\/figure>\n\n\n\n<p><br>\u00a0<\/p>\n","protected":false},"excerpt":{"rendered":"<p>Butzbach ehrte Familie Gratzfeld und F\u00f6rderverein der G\u00f6nser Grundschule Das Kulturgut Zeitung und Kinderrechte waren die zentralen Themen der Kulturpreisverleihung der Stadt Butzbach am Freitag im Ratsherrensaal. Familie Gratzfeld erh\u00e4lt den Kulturpreis f\u00fcr das jahrzehntelange verlegerische Wirken der Butzbacher Zeitung. Der Sonderpreis zum Kulturpreis geht an den F\u00f6rderverein der G\u00f6nser Grundschule (GGS), der vielf\u00e4ltig aktiv &#8230; <a title=\"Preistr\u00e4ger mit viel Herzblut\" class=\"read-more\" href=\"http:\/\/875jahrekirchgoens.de\/?p=16277\" aria-label=\"Mehr Informationen \u00fcber Preistr\u00e4ger mit viel Herzblut\">Weiterlesen<\/a><\/p>\n","protected":false},"author":1,"featured_media":0,"comment_status":"closed","ping_status":"open","sticky":false,"template":"","format":"standard","meta":{"footnotes":""},"categories":[1],"tags":[],"class_list":["post-16277","post","type-post","status-publish","format-standard","hentry","category-infos"],"_links":{"self":[{"href":"http:\/\/875jahrekirchgoens.de\/index.php?rest_route=\/wp\/v2\/posts\/16277","targetHints":{"allow":["GET"]}}],"collection":[{"href":"http:\/\/875jahrekirchgoens.de\/index.php?rest_route=\/wp\/v2\/posts"}],"about":[{"href":"http:\/\/875jahrekirchgoens.de\/index.php?rest_route=\/wp\/v2\/types\/post"}],"author":[{"embeddable":true,"href":"http:\/\/875jahrekirchgoens.de\/index.php?rest_route=\/wp\/v2\/users\/1"}],"replies":[{"embeddable":true,"href":"http:\/\/875jahrekirchgoens.de\/index.php?rest_route=%2Fwp%2Fv2%2Fcomments&post=16277"}],"version-history":[{"count":1,"href":"http:\/\/875jahrekirchgoens.de\/index.php?rest_route=\/wp\/v2\/posts\/16277\/revisions"}],"predecessor-version":[{"id":16279,"href":"http:\/\/875jahrekirchgoens.de\/index.php?rest_route=\/wp\/v2\/posts\/16277\/revisions\/16279"}],"wp:attachment":[{"href":"http:\/\/875jahrekirchgoens.de\/index.php?rest_route=%2Fwp%2Fv2%2Fmedia&parent=16277"}],"wp:term":[{"taxonomy":"category","embeddable":true,"href":"http:\/\/875jahrekirchgoens.de\/index.php?rest_route=%2Fwp%2Fv2%2Fcategories&post=16277"},{"taxonomy":"post_tag","embeddable":true,"href":"http:\/\/875jahrekirchgoens.de\/index.php?rest_route=%2Fwp%2Fv2%2Ftags&post=16277"}],"curies":[{"name":"wp","href":"https:\/\/api.w.org\/{rel}","templated":true}]}}