{"id":16280,"date":"2025-02-19T11:30:31","date_gmt":"2025-02-19T11:30:31","guid":{"rendered":"http:\/\/875jahrekirchgoens.de\/?p=16280"},"modified":"2025-02-26T11:32:24","modified_gmt":"2025-02-26T11:32:24","slug":"echt-digital-im-bild-festgehalten","status":"publish","type":"post","link":"http:\/\/875jahrekirchgoens.de\/?p=16280","title":{"rendered":"Echt Digital im Bild festgehalten"},"content":{"rendered":"\n<p><em>G\u00f6nser Grundschule beteiligt sich an Malwettbewerb der Volksbank Butzbach<\/em><\/p>\n\n\n\n<p>In den zur\u00fcckliegenden Wochen waren alle Klassen der G\u00f6nser Grund-Schule flei\u00dfig im Kunstunterricht. Der Malwettbewerb der Volksbank Butzbach mit dem Thema \u201eEcht Digital\u201c stand an. Aus diesem Grund wurde in allen Klassen gemalt, geklebt oder gebastelt, wie die Schule mitteilt. In diesem Jahr mussten die Grundsch\u00fcler ein wenig l\u00e4nger \u00fcberlegen, bis man ein gutes Thema f\u00fcr das Bild gefunden hatte, das jeder einzelne Sch\u00fcler malen wollte, denn gerade die j\u00fcngeren Sch\u00fcler war das Thema nicht ganz so leicht. Aber am Ende konnte jeder eine gelungene Arbeit vorweisen, und so hat jede Klasse ihre Bilder eingereicht. Die Klasse 2a hat sich direkt auf den Weg in die Filiale in Kirch-G\u00f6ns gemacht, um ihre Bilder pers\u00f6nlich abzugeben, samt \u201eBeweis-Foto\u201c. Jetzt sind alle gespannt, ob sie einen Preis erzielen k\u00f6nnen, und wenn nicht, ist es auch egal, denn Spa\u00df hatten alle beim Erstellen der Bilder, hei\u00dft es von der Schule.<\/p>\n\n\n\n<p>Quelle und Bild: Butzbacher Zeitung vom 19. Februar 2024<\/p>\n\n\n\n<figure class=\"wp-block-image size-full is-resized\"><img loading=\"lazy\" decoding=\"async\" width=\"347\" height=\"142\" src=\"http:\/\/875jahrekirchgoens.de\/wp-content\/uploads\/2025\/02\/GGS.jpg\" alt=\"\" class=\"wp-image-16281\" style=\"width:684px;height:auto\" srcset=\"http:\/\/875jahrekirchgoens.de\/wp-content\/uploads\/2025\/02\/GGS.jpg 347w, http:\/\/875jahrekirchgoens.de\/wp-content\/uploads\/2025\/02\/GGS-300x123.jpg 300w\" sizes=\"auto, (max-width: 347px) 100vw, 347px\" \/><figcaption class=\"wp-element-caption\">Die Klasse 2a hat ihren Wettbewerbsbeitrag pers\u00f6nlich bei der Bank abgegeben.<\/figcaption><\/figure>\n","protected":false},"excerpt":{"rendered":"<p>G\u00f6nser Grundschule beteiligt sich an Malwettbewerb der Volksbank Butzbach In den zur\u00fcckliegenden Wochen waren alle Klassen der G\u00f6nser Grund-Schule flei\u00dfig im Kunstunterricht. Der Malwettbewerb der Volksbank Butzbach mit dem Thema \u201eEcht Digital\u201c stand an. Aus diesem Grund wurde in allen Klassen gemalt, geklebt oder gebastelt, wie die Schule mitteilt. In diesem Jahr mussten die Grundsch\u00fcler &#8230; <a title=\"Echt Digital im Bild festgehalten\" class=\"read-more\" href=\"http:\/\/875jahrekirchgoens.de\/?p=16280\" aria-label=\"Mehr Informationen \u00fcber Echt Digital im Bild festgehalten\">Weiterlesen<\/a><\/p>\n","protected":false},"author":1,"featured_media":0,"comment_status":"closed","ping_status":"open","sticky":false,"template":"","format":"standard","meta":{"footnotes":""},"categories":[1],"tags":[],"class_list":["post-16280","post","type-post","status-publish","format-standard","hentry","category-infos"],"_links":{"self":[{"href":"http:\/\/875jahrekirchgoens.de\/index.php?rest_route=\/wp\/v2\/posts\/16280","targetHints":{"allow":["GET"]}}],"collection":[{"href":"http:\/\/875jahrekirchgoens.de\/index.php?rest_route=\/wp\/v2\/posts"}],"about":[{"href":"http:\/\/875jahrekirchgoens.de\/index.php?rest_route=\/wp\/v2\/types\/post"}],"author":[{"embeddable":true,"href":"http:\/\/875jahrekirchgoens.de\/index.php?rest_route=\/wp\/v2\/users\/1"}],"replies":[{"embeddable":true,"href":"http:\/\/875jahrekirchgoens.de\/index.php?rest_route=%2Fwp%2Fv2%2Fcomments&post=16280"}],"version-history":[{"count":1,"href":"http:\/\/875jahrekirchgoens.de\/index.php?rest_route=\/wp\/v2\/posts\/16280\/revisions"}],"predecessor-version":[{"id":16282,"href":"http:\/\/875jahrekirchgoens.de\/index.php?rest_route=\/wp\/v2\/posts\/16280\/revisions\/16282"}],"wp:attachment":[{"href":"http:\/\/875jahrekirchgoens.de\/index.php?rest_route=%2Fwp%2Fv2%2Fmedia&parent=16280"}],"wp:term":[{"taxonomy":"category","embeddable":true,"href":"http:\/\/875jahrekirchgoens.de\/index.php?rest_route=%2Fwp%2Fv2%2Fcategories&post=16280"},{"taxonomy":"post_tag","embeddable":true,"href":"http:\/\/875jahrekirchgoens.de\/index.php?rest_route=%2Fwp%2Fv2%2Ftags&post=16280"}],"curies":[{"name":"wp","href":"https:\/\/api.w.org\/{rel}","templated":true}]}}